{"id":3245,"date":"2026-02-16T13:32:51","date_gmt":"2026-02-16T11:32:51","guid":{"rendered":"https:\/\/comitedebioetica.isciii.es\/?p=3245"},"modified":"2026-02-16T13:37:05","modified_gmt":"2026-02-16T11:37:05","slug":"el-comite-de-bioetica-de-espana-participa-en-el-35o-encuentro-de-comites-nacionales-de-etica-en-copenhague","status":"publish","type":"post","link":"https:\/\/comitedebioetica.isciii.es\/en\/el-comite-de-bioetica-de-espana-participa-en-el-35o-encuentro-de-comites-nacionales-de-etica-en-copenhague\/","title":{"rendered":"El Comit\u00e9 de Bio\u00e9tica de Espa\u00f1a participa en el 35\u00ba Encuentro de Comit\u00e9s Nacionales de \u00c9tica en Copenhague"},"content":{"rendered":"\t\t<div data-elementor-type=\"wp-post\" data-elementor-id=\"3245\" class=\"elementor elementor-3245\" data-elementor-post-type=\"post\">\n\t\t\t\t<div class=\"elementor-element elementor-element-201e7d3 e-flex e-con-boxed e-con e-parent\" data-id=\"201e7d3\" data-element_type=\"container\" data-e-type=\"container\">\n\t\t\t\t\t<div class=\"e-con-inner\">\n\t\t<div class=\"elementor-element elementor-element-fc1c9b3 e-con-full e-flex e-con e-child\" data-id=\"fc1c9b3\" data-element_type=\"container\" data-e-type=\"container\">\n\t\t\t\t<div class=\"elementor-element elementor-element-1b2392c elementor-widget elementor-widget-heading\" data-id=\"1b2392c\" data-element_type=\"widget\" data-e-type=\"widget\" data-widget_type=\"heading.default\">\n\t\t\t\t<div class=\"elementor-widget-container\">\n\t\t\t\t\t<h4 class=\"elementor-heading-title elementor-size-default\">El Comit\u00e9 de Bio\u00e9tica de Espa\u00f1a participa en el 35\u00ba Encuentro de Comit\u00e9s Nacionales de \u00c9tica en Copenhague<\/h4>\t\t\t\t<\/div>\n\t\t\t\t<\/div>\n\t\t\t\t<div class=\"elementor-element elementor-element-7263c61 elementor-widget elementor-widget-text-editor\" data-id=\"7263c61\" data-element_type=\"widget\" data-e-type=\"widget\" data-widget_type=\"text-editor.default\">\n\t\t\t\t<div class=\"elementor-widget-container\">\n\t\t\t\t\t\t\t\t\t<p>Durante los d\u00edas 13 y 14 de noviembre de 2025 se celebr\u00f3 en Copenhague el 35\u00ba Encuentro de Comit\u00e9s Nacionales de \u00c9tica, conocido en ingl\u00e9s como el NEC (National Ethics Councils) Forum.<\/p><p>\u00a0<\/p><p>Se trata de un encuentro que se celebra cada seis meses en el pa\u00eds que asume durante ese semestre la presidencia de la Uni\u00f3n Europea.<\/p><p>En esta ocasi\u00f3n el t\u00edtulo del encuentro era:\u00a0<em>\u00c9tica en transici\u00f3n: Instituciones, Tecnolog\u00edas y Confianza P\u00fablica<\/em>.<\/p><p>\u00a0<\/p><p>Al encuentro asistimos dos miembros del Comit\u00e9 de Bio\u00e9tica de Espa\u00f1a: Atia Cort\u00e9s Mart\u00ednez, que particip\u00f3 con la ponencia titulada \u201cLagunas y desaf\u00edos en las Directrices \u00e9ticas para una IA confiable\u201d, y Juan Carlos Siurana en representaci\u00f3n del Comit\u00e9.<\/p><p>\u00a0<\/p><p>En el Encuentro se trataron temas de gran relevancia, como: soberan\u00eda digital, transici\u00f3n verde, la \u00e9tica de la inteligencia artificial y nuevas tecnolog\u00edas, as\u00ed como nuevos temas y prioridades.<\/p><p><a href=\"https:\/\/comitedebioetica.isciii.es\/wp-content\/uploads\/2026\/02\/PROGRAMME_35th-National-Ethics-Councils-Forum-1.pdf%22%3EPROGRAMME_35th-National-Ethics-Councils-Forum-1\" data-wplink-url-error=\"true\">Puedes ver aqu\u00ed el programa del encuentro<\/a>.<\/p><p>\u00a0<\/p><p>Tambi\u00e9n se debati\u00f3 sobre una declaraci\u00f3n en torno a la soberan\u00eda digital que finalmente fue aprobada por los asistentes con el t\u00edtulo:<\/p><p><em>Declaraci\u00f3n sobre la responsabilidad \u00e9tica por una soberan\u00eda digital basada en valores europeos.<\/em><\/p><p><em>\u00a0<\/em><\/p><p>Puedes consultar el documento\u00a0<a href=\"https:\/\/comitedebioetica.isciii.es\/wp-content\/uploads\/2026\/02\/Joint-Statement-of-the-35th-NEC-in-Copenhagen.pdf\">aqu\u00ed<\/a>.<\/p><p>\u00a0<\/p><p>Fue una gran experiencia de intercambio de ideas y formas de trabajo, y volvimos con muchos nuevos proyectos de colaboraci\u00f3n conjunta entre comit\u00e9s nacionales.<\/p><p>Un abrazo,<\/p><p>Juan Carlos Siurana<\/p>\t\t\t\t\t\t\t\t<\/div>\n\t\t\t\t<\/div>\n\t\t\t\t<\/div>\n\t\t<div class=\"elementor-element elementor-element-862a76b e-con-full e-flex e-con e-child\" data-id=\"862a76b\" data-element_type=\"container\" data-e-type=\"container\">\n\t\t\t\t<div class=\"elementor-element elementor-element-a9dd797 elementor-widget elementor-widget-image\" data-id=\"a9dd797\" data-element_type=\"widget\" data-e-type=\"widget\" data-widget_type=\"image.default\">\n\t\t\t\t<div class=\"elementor-widget-container\">\n\t\t\t\t\t\t\t\t\t\t\t\t\t\t\t<img fetchpriority=\"high\" decoding=\"async\" width=\"300\" height=\"200\" src=\"https:\/\/comitedebioetica.isciii.es\/wp-content\/uploads\/2026\/02\/Foto-35thNEC_Group-Photo_small.jpg\" class=\"attachment-medium size-medium wp-image-3223\" alt=\"\" \/>\t\t\t\t\t\t\t\t\t\t\t\t\t\t\t<\/div>\n\t\t\t\t<\/div>\n\t\t\t\t<\/div>\n\t\t\t\t\t<\/div>\n\t\t\t\t<\/div>\n\t\t\t\t<\/div>\n\t\t","protected":false},"excerpt":{"rendered":"<p>El Comit\u00e9 de Bio\u00e9tica de Espa\u00f1a participa en el 35\u00ba Encuentro de Comit\u00e9s Nacionales de \u00c9tica en Copenhague Durante los d\u00edas 13 y 14 de noviembre de 2025 se celebr\u00f3 en Copenhague el 35\u00ba Encuentro de Comit\u00e9s Nacionales de \u00c9tica, conocido en ingl\u00e9s como el NEC (National Ethics Councils) Forum. \u00a0 Se trata de un [&hellip;]<\/p>\n","protected":false},"author":7,"featured_media":0,"comment_status":"closed","ping_status":"closed","sticky":false,"template":"","format":"standard","meta":{"_acf_changed":false,"footnotes":""},"categories":[44],"tags":[],"class_list":["post-3245","post","type-post","status-publish","format-standard","hentry","category-noticias"],"acf":[],"yoast_head":"<!-- This site is optimized with the Yoast SEO plugin v27.5 - https:\/\/yoast.com\/product\/yoast-seo-wordpress\/ -->\n<title>El Comit\u00e9 de Bio\u00e9tica de Espa\u00f1a participa en el 35\u00ba Encuentro de Comit\u00e9s Nacionales de \u00c9tica en Copenhague - COMIT\u00c9 DE BIO\u00c9TICA DE ESPA\u00d1A<\/title>\n<meta name=\"robots\" content=\"index, follow, max-snippet:-1, max-image-preview:large, max-video-preview:-1\" \/>\n<link rel=\"canonical\" href=\"https:\/\/comitedebioetica.isciii.es\/el-comite-de-bioetica-de-espana-participa-en-el-35o-encuentro-de-comites-nacionales-de-etica-en-copenhague\/\" \/>\n<meta property=\"og:locale\" content=\"en_US\" \/>\n<meta property=\"og:type\" content=\"article\" \/>\n<meta property=\"og:title\" content=\"El Comit\u00e9 de Bio\u00e9tica de Espa\u00f1a participa en el 35\u00ba Encuentro de Comit\u00e9s Nacionales de \u00c9tica en Copenhague - COMIT\u00c9 DE BIO\u00c9TICA DE ESPA\u00d1A\" \/>\n<meta property=\"og:description\" content=\"El Comit\u00e9 de Bio\u00e9tica de Espa\u00f1a participa en el 35\u00ba Encuentro de Comit\u00e9s Nacionales de \u00c9tica en Copenhague Durante los d\u00edas 13 y 14 de noviembre de 2025 se celebr\u00f3 en Copenhague el 35\u00ba Encuentro de Comit\u00e9s Nacionales de \u00c9tica, conocido en ingl\u00e9s como el NEC (National Ethics Councils) Forum. \u00a0 Se trata de un [&hellip;]\" \/>\n<meta property=\"og:url\" content=\"https:\/\/comitedebioetica.isciii.es\/el-comite-de-bioetica-de-espana-participa-en-el-35o-encuentro-de-comites-nacionales-de-etica-en-copenhague\/\" \/>\n<meta property=\"og:site_name\" content=\"COMIT\u00c9 DE BIO\u00c9TICA DE ESPA\u00d1A\" \/>\n<meta property=\"article:published_time\" content=\"2026-02-16T11:32:51+00:00\" \/>\n<meta property=\"article:modified_time\" content=\"2026-02-16T11:37:05+00:00\" \/>\n<meta property=\"og:image\" content=\"https:\/\/comitedebioetica.isciii.es\/wp-content\/uploads\/2026\/02\/Foto-35thNEC_Group-Photo_small.jpg\" \/>\n\t<meta property=\"og:image:width\" content=\"1500\" \/>\n\t<meta property=\"og:image:height\" content=\"1000\" \/>\n\t<meta property=\"og:image:type\" content=\"image\/jpeg\" \/>\n<meta name=\"author\" content=\"rrodriguez\" \/>\n<meta name=\"twitter:card\" content=\"summary_large_image\" \/>\n<meta name=\"twitter:label1\" content=\"Written by\" \/>\n\t<meta name=\"twitter:data1\" content=\"rrodriguez\" \/>\n\t<meta name=\"twitter:label2\" content=\"Est. reading time\" \/>\n\t<meta name=\"twitter:data2\" content=\"2 minutes\" \/>\n<script type=\"application\/ld+json\" class=\"yoast-schema-graph\">{\"@context\":\"https:\\\/\\\/schema.org\",\"@graph\":[{\"@type\":\"Article\",\"@id\":\"https:\\\/\\\/comitedebioetica.isciii.es\\\/el-comite-de-bioetica-de-espana-participa-en-el-35o-encuentro-de-comites-nacionales-de-etica-en-copenhague\\\/#article\",\"isPartOf\":{\"@id\":\"https:\\\/\\\/comitedebioetica.isciii.es\\\/el-comite-de-bioetica-de-espana-participa-en-el-35o-encuentro-de-comites-nacionales-de-etica-en-copenhague\\\/\"},\"author\":{\"name\":\"rrodriguez\",\"@id\":\"https:\\\/\\\/comitedebioetica.isciii.es\\\/#\\\/schema\\\/person\\\/a447541550c83e155525f930a82ebb36\"},\"headline\":\"El Comit\u00e9 de Bio\u00e9tica de Espa\u00f1a participa en el 35\u00ba Encuentro de Comit\u00e9s Nacionales de \u00c9tica en Copenhague\",\"datePublished\":\"2026-02-16T11:32:51+00:00\",\"dateModified\":\"2026-02-16T11:37:05+00:00\",\"mainEntityOfPage\":{\"@id\":\"https:\\\/\\\/comitedebioetica.isciii.es\\\/el-comite-de-bioetica-de-espana-participa-en-el-35o-encuentro-de-comites-nacionales-de-etica-en-copenhague\\\/\"},\"wordCount\":280,\"publisher\":{\"@id\":\"https:\\\/\\\/comitedebioetica.isciii.es\\\/#organization\"},\"image\":{\"@id\":\"https:\\\/\\\/comitedebioetica.isciii.es\\\/el-comite-de-bioetica-de-espana-participa-en-el-35o-encuentro-de-comites-nacionales-de-etica-en-copenhague\\\/#primaryimage\"},\"thumbnailUrl\":\"https:\\\/\\\/comitedebioetica.isciii.es\\\/wp-content\\\/uploads\\\/2026\\\/02\\\/Foto-35thNEC_Group-Photo_small.jpg\",\"articleSection\":[\"Noticias\"],\"inLanguage\":\"en-US\"},{\"@type\":\"WebPage\",\"@id\":\"https:\\\/\\\/comitedebioetica.isciii.es\\\/el-comite-de-bioetica-de-espana-participa-en-el-35o-encuentro-de-comites-nacionales-de-etica-en-copenhague\\\/\",\"url\":\"https:\\\/\\\/comitedebioetica.isciii.es\\\/el-comite-de-bioetica-de-espana-participa-en-el-35o-encuentro-de-comites-nacionales-de-etica-en-copenhague\\\/\",\"name\":\"El Comit\u00e9 de Bio\u00e9tica de Espa\u00f1a participa en el 35\u00ba Encuentro de Comit\u00e9s Nacionales de \u00c9tica en Copenhague - COMIT\u00c9 DE BIO\u00c9TICA DE ESPA\u00d1A\",\"isPartOf\":{\"@id\":\"https:\\\/\\\/comitedebioetica.isciii.es\\\/#website\"},\"primaryImageOfPage\":{\"@id\":\"https:\\\/\\\/comitedebioetica.isciii.es\\\/el-comite-de-bioetica-de-espana-participa-en-el-35o-encuentro-de-comites-nacionales-de-etica-en-copenhague\\\/#primaryimage\"},\"image\":{\"@id\":\"https:\\\/\\\/comitedebioetica.isciii.es\\\/el-comite-de-bioetica-de-espana-participa-en-el-35o-encuentro-de-comites-nacionales-de-etica-en-copenhague\\\/#primaryimage\"},\"thumbnailUrl\":\"https:\\\/\\\/comitedebioetica.isciii.es\\\/wp-content\\\/uploads\\\/2026\\\/02\\\/Foto-35thNEC_Group-Photo_small.jpg\",\"datePublished\":\"2026-02-16T11:32:51+00:00\",\"dateModified\":\"2026-02-16T11:37:05+00:00\",\"breadcrumb\":{\"@id\":\"https:\\\/\\\/comitedebioetica.isciii.es\\\/el-comite-de-bioetica-de-espana-participa-en-el-35o-encuentro-de-comites-nacionales-de-etica-en-copenhague\\\/#breadcrumb\"},\"inLanguage\":\"en-US\",\"potentialAction\":[{\"@type\":\"ReadAction\",\"target\":[\"https:\\\/\\\/comitedebioetica.isciii.es\\\/el-comite-de-bioetica-de-espana-participa-en-el-35o-encuentro-de-comites-nacionales-de-etica-en-copenhague\\\/\"]}]},{\"@type\":\"ImageObject\",\"inLanguage\":\"en-US\",\"@id\":\"https:\\\/\\\/comitedebioetica.isciii.es\\\/el-comite-de-bioetica-de-espana-participa-en-el-35o-encuentro-de-comites-nacionales-de-etica-en-copenhague\\\/#primaryimage\",\"url\":\"https:\\\/\\\/comitedebioetica.isciii.es\\\/wp-content\\\/uploads\\\/2026\\\/02\\\/Foto-35thNEC_Group-Photo_small.jpg\",\"contentUrl\":\"https:\\\/\\\/comitedebioetica.isciii.es\\\/wp-content\\\/uploads\\\/2026\\\/02\\\/Foto-35thNEC_Group-Photo_small.jpg\"},{\"@type\":\"BreadcrumbList\",\"@id\":\"https:\\\/\\\/comitedebioetica.isciii.es\\\/el-comite-de-bioetica-de-espana-participa-en-el-35o-encuentro-de-comites-nacionales-de-etica-en-copenhague\\\/#breadcrumb\",\"itemListElement\":[{\"@type\":\"ListItem\",\"position\":1,\"name\":\"Portada\",\"item\":\"https:\\\/\\\/comitedebioetica.isciii.es\\\/\"},{\"@type\":\"ListItem\",\"position\":2,\"name\":\"El Comit\u00e9 de Bio\u00e9tica de Espa\u00f1a participa en el 35\u00ba Encuentro de Comit\u00e9s Nacionales de \u00c9tica en Copenhague\"}]},{\"@type\":\"WebSite\",\"@id\":\"https:\\\/\\\/comitedebioetica.isciii.es\\\/#website\",\"url\":\"https:\\\/\\\/comitedebioetica.isciii.es\\\/\",\"name\":\"COMIT\u00c9 DE BIO\u00c9TICA DE ESPA\u00d1A\",\"description\":\"Web oficial del Comit\u00e9 de Bio\u00e9tica de Espa\u00f1a, documentos, legislaci\u00f3n y resoluciones, opiniones sobre temas actuales y relevantes\",\"publisher\":{\"@id\":\"https:\\\/\\\/comitedebioetica.isciii.es\\\/#organization\"},\"potentialAction\":[{\"@type\":\"SearchAction\",\"target\":{\"@type\":\"EntryPoint\",\"urlTemplate\":\"https:\\\/\\\/comitedebioetica.isciii.es\\\/?s={search_term_string}\"},\"query-input\":{\"@type\":\"PropertyValueSpecification\",\"valueRequired\":true,\"valueName\":\"search_term_string\"}}],\"inLanguage\":\"en-US\"},{\"@type\":\"Organization\",\"@id\":\"https:\\\/\\\/comitedebioetica.isciii.es\\\/#organization\",\"name\":\"COMIT\u00c9 DE BIO\u00c9TICA DE ESPA\u00d1A\",\"url\":\"https:\\\/\\\/comitedebioetica.isciii.es\\\/\",\"logo\":{\"@type\":\"ImageObject\",\"inLanguage\":\"en-US\",\"@id\":\"https:\\\/\\\/comitedebioetica.isciii.es\\\/#\\\/schema\\\/logo\\\/image\\\/\",\"url\":\"https:\\\/\\\/comitedebioetica.isciii.es\\\/wp-content\\\/uploads\\\/2023\\\/10\\\/LOGO-COMITE-BIOETICA-ESPANA.png\",\"contentUrl\":\"https:\\\/\\\/comitedebioetica.isciii.es\\\/wp-content\\\/uploads\\\/2023\\\/10\\\/LOGO-COMITE-BIOETICA-ESPANA.png\",\"width\":250,\"height\":127,\"caption\":\"COMIT\u00c9 DE BIO\u00c9TICA DE ESPA\u00d1A\"},\"image\":{\"@id\":\"https:\\\/\\\/comitedebioetica.isciii.es\\\/#\\\/schema\\\/logo\\\/image\\\/\"}},{\"@type\":\"Person\",\"@id\":\"https:\\\/\\\/comitedebioetica.isciii.es\\\/#\\\/schema\\\/person\\\/a447541550c83e155525f930a82ebb36\",\"name\":\"rrodriguez\",\"image\":{\"@type\":\"ImageObject\",\"inLanguage\":\"en-US\",\"@id\":\"https:\\\/\\\/secure.gravatar.com\\\/avatar\\\/9bac1a5eac51861b60150b9fd55a1579b4339df0ccf67b151190dd6a2fcdef77?s=96&d=mm&r=g\",\"url\":\"https:\\\/\\\/secure.gravatar.com\\\/avatar\\\/9bac1a5eac51861b60150b9fd55a1579b4339df0ccf67b151190dd6a2fcdef77?s=96&d=mm&r=g\",\"contentUrl\":\"https:\\\/\\\/secure.gravatar.com\\\/avatar\\\/9bac1a5eac51861b60150b9fd55a1579b4339df0ccf67b151190dd6a2fcdef77?s=96&d=mm&r=g\",\"caption\":\"rrodriguez\"},\"url\":\"https:\\\/\\\/comitedebioetica.isciii.es\\\/en\\\/author\\\/rrodriguez\\\/\"}]}<\/script>\n<!-- \/ Yoast SEO plugin. -->","yoast_head_json":{"title":"El Comit\u00e9 de Bio\u00e9tica de Espa\u00f1a participa en el 35\u00ba Encuentro de Comit\u00e9s Nacionales de \u00c9tica en Copenhague - COMIT\u00c9 DE BIO\u00c9TICA DE ESPA\u00d1A","robots":{"index":"index","follow":"follow","max-snippet":"max-snippet:-1","max-image-preview":"max-image-preview:large","max-video-preview":"max-video-preview:-1"},"canonical":"https:\/\/comitedebioetica.isciii.es\/el-comite-de-bioetica-de-espana-participa-en-el-35o-encuentro-de-comites-nacionales-de-etica-en-copenhague\/","og_locale":"en_US","og_type":"article","og_title":"El Comit\u00e9 de Bio\u00e9tica de Espa\u00f1a participa en el 35\u00ba Encuentro de Comit\u00e9s Nacionales de \u00c9tica en Copenhague - COMIT\u00c9 DE BIO\u00c9TICA DE ESPA\u00d1A","og_description":"El Comit\u00e9 de Bio\u00e9tica de Espa\u00f1a participa en el 35\u00ba Encuentro de Comit\u00e9s Nacionales de \u00c9tica en Copenhague Durante los d\u00edas 13 y 14 de noviembre de 2025 se celebr\u00f3 en Copenhague el 35\u00ba Encuentro de Comit\u00e9s Nacionales de \u00c9tica, conocido en ingl\u00e9s como el NEC (National Ethics Councils) Forum. \u00a0 Se trata de un [&hellip;]","og_url":"https:\/\/comitedebioetica.isciii.es\/el-comite-de-bioetica-de-espana-participa-en-el-35o-encuentro-de-comites-nacionales-de-etica-en-copenhague\/","og_site_name":"COMIT\u00c9 DE BIO\u00c9TICA DE ESPA\u00d1A","article_published_time":"2026-02-16T11:32:51+00:00","article_modified_time":"2026-02-16T11:37:05+00:00","og_image":[{"width":1500,"height":1000,"url":"https:\/\/comitedebioetica.isciii.es\/wp-content\/uploads\/2026\/02\/Foto-35thNEC_Group-Photo_small.jpg","type":"image\/jpeg"}],"author":"rrodriguez","twitter_card":"summary_large_image","twitter_misc":{"Written by":"rrodriguez","Est. reading time":"2 minutes"},"schema":{"@context":"https:\/\/schema.org","@graph":[{"@type":"Article","@id":"https:\/\/comitedebioetica.isciii.es\/el-comite-de-bioetica-de-espana-participa-en-el-35o-encuentro-de-comites-nacionales-de-etica-en-copenhague\/#article","isPartOf":{"@id":"https:\/\/comitedebioetica.isciii.es\/el-comite-de-bioetica-de-espana-participa-en-el-35o-encuentro-de-comites-nacionales-de-etica-en-copenhague\/"},"author":{"name":"rrodriguez","@id":"https:\/\/comitedebioetica.isciii.es\/#\/schema\/person\/a447541550c83e155525f930a82ebb36"},"headline":"El Comit\u00e9 de Bio\u00e9tica de Espa\u00f1a participa en el 35\u00ba Encuentro de Comit\u00e9s Nacionales de \u00c9tica en Copenhague","datePublished":"2026-02-16T11:32:51+00:00","dateModified":"2026-02-16T11:37:05+00:00","mainEntityOfPage":{"@id":"https:\/\/comitedebioetica.isciii.es\/el-comite-de-bioetica-de-espana-participa-en-el-35o-encuentro-de-comites-nacionales-de-etica-en-copenhague\/"},"wordCount":280,"publisher":{"@id":"https:\/\/comitedebioetica.isciii.es\/#organization"},"image":{"@id":"https:\/\/comitedebioetica.isciii.es\/el-comite-de-bioetica-de-espana-participa-en-el-35o-encuentro-de-comites-nacionales-de-etica-en-copenhague\/#primaryimage"},"thumbnailUrl":"https:\/\/comitedebioetica.isciii.es\/wp-content\/uploads\/2026\/02\/Foto-35thNEC_Group-Photo_small.jpg","articleSection":["Noticias"],"inLanguage":"en-US"},{"@type":"WebPage","@id":"https:\/\/comitedebioetica.isciii.es\/el-comite-de-bioetica-de-espana-participa-en-el-35o-encuentro-de-comites-nacionales-de-etica-en-copenhague\/","url":"https:\/\/comitedebioetica.isciii.es\/el-comite-de-bioetica-de-espana-participa-en-el-35o-encuentro-de-comites-nacionales-de-etica-en-copenhague\/","name":"El Comit\u00e9 de Bio\u00e9tica de Espa\u00f1a participa en el 35\u00ba Encuentro de Comit\u00e9s Nacionales de \u00c9tica en Copenhague - COMIT\u00c9 DE BIO\u00c9TICA DE ESPA\u00d1A","isPartOf":{"@id":"https:\/\/comitedebioetica.isciii.es\/#website"},"primaryImageOfPage":{"@id":"https:\/\/comitedebioetica.isciii.es\/el-comite-de-bioetica-de-espana-participa-en-el-35o-encuentro-de-comites-nacionales-de-etica-en-copenhague\/#primaryimage"},"image":{"@id":"https:\/\/comitedebioetica.isciii.es\/el-comite-de-bioetica-de-espana-participa-en-el-35o-encuentro-de-comites-nacionales-de-etica-en-copenhague\/#primaryimage"},"thumbnailUrl":"https:\/\/comitedebioetica.isciii.es\/wp-content\/uploads\/2026\/02\/Foto-35thNEC_Group-Photo_small.jpg","datePublished":"2026-02-16T11:32:51+00:00","dateModified":"2026-02-16T11:37:05+00:00","breadcrumb":{"@id":"https:\/\/comitedebioetica.isciii.es\/el-comite-de-bioetica-de-espana-participa-en-el-35o-encuentro-de-comites-nacionales-de-etica-en-copenhague\/#breadcrumb"},"inLanguage":"en-US","potentialAction":[{"@type":"ReadAction","target":["https:\/\/comitedebioetica.isciii.es\/el-comite-de-bioetica-de-espana-participa-en-el-35o-encuentro-de-comites-nacionales-de-etica-en-copenhague\/"]}]},{"@type":"ImageObject","inLanguage":"en-US","@id":"https:\/\/comitedebioetica.isciii.es\/el-comite-de-bioetica-de-espana-participa-en-el-35o-encuentro-de-comites-nacionales-de-etica-en-copenhague\/#primaryimage","url":"https:\/\/comitedebioetica.isciii.es\/wp-content\/uploads\/2026\/02\/Foto-35thNEC_Group-Photo_small.jpg","contentUrl":"https:\/\/comitedebioetica.isciii.es\/wp-content\/uploads\/2026\/02\/Foto-35thNEC_Group-Photo_small.jpg"},{"@type":"BreadcrumbList","@id":"https:\/\/comitedebioetica.isciii.es\/el-comite-de-bioetica-de-espana-participa-en-el-35o-encuentro-de-comites-nacionales-de-etica-en-copenhague\/#breadcrumb","itemListElement":[{"@type":"ListItem","position":1,"name":"Portada","item":"https:\/\/comitedebioetica.isciii.es\/"},{"@type":"ListItem","position":2,"name":"El Comit\u00e9 de Bio\u00e9tica de Espa\u00f1a participa en el 35\u00ba Encuentro de Comit\u00e9s Nacionales de \u00c9tica en Copenhague"}]},{"@type":"WebSite","@id":"https:\/\/comitedebioetica.isciii.es\/#website","url":"https:\/\/comitedebioetica.isciii.es\/","name":"COMIT\u00c9 DE BIO\u00c9TICA DE ESPA\u00d1A","description":"Web oficial del Comit\u00e9 de Bio\u00e9tica de Espa\u00f1a, documentos, legislaci\u00f3n y resoluciones, opiniones sobre temas actuales y relevantes","publisher":{"@id":"https:\/\/comitedebioetica.isciii.es\/#organization"},"potentialAction":[{"@type":"SearchAction","target":{"@type":"EntryPoint","urlTemplate":"https:\/\/comitedebioetica.isciii.es\/?s={search_term_string}"},"query-input":{"@type":"PropertyValueSpecification","valueRequired":true,"valueName":"search_term_string"}}],"inLanguage":"en-US"},{"@type":"Organization","@id":"https:\/\/comitedebioetica.isciii.es\/#organization","name":"COMIT\u00c9 DE BIO\u00c9TICA DE ESPA\u00d1A","url":"https:\/\/comitedebioetica.isciii.es\/","logo":{"@type":"ImageObject","inLanguage":"en-US","@id":"https:\/\/comitedebioetica.isciii.es\/#\/schema\/logo\/image\/","url":"https:\/\/comitedebioetica.isciii.es\/wp-content\/uploads\/2023\/10\/LOGO-COMITE-BIOETICA-ESPANA.png","contentUrl":"https:\/\/comitedebioetica.isciii.es\/wp-content\/uploads\/2023\/10\/LOGO-COMITE-BIOETICA-ESPANA.png","width":250,"height":127,"caption":"COMIT\u00c9 DE BIO\u00c9TICA DE ESPA\u00d1A"},"image":{"@id":"https:\/\/comitedebioetica.isciii.es\/#\/schema\/logo\/image\/"}},{"@type":"Person","@id":"https:\/\/comitedebioetica.isciii.es\/#\/schema\/person\/a447541550c83e155525f930a82ebb36","name":"rrodriguez","image":{"@type":"ImageObject","inLanguage":"en-US","@id":"https:\/\/secure.gravatar.com\/avatar\/9bac1a5eac51861b60150b9fd55a1579b4339df0ccf67b151190dd6a2fcdef77?s=96&d=mm&r=g","url":"https:\/\/secure.gravatar.com\/avatar\/9bac1a5eac51861b60150b9fd55a1579b4339df0ccf67b151190dd6a2fcdef77?s=96&d=mm&r=g","contentUrl":"https:\/\/secure.gravatar.com\/avatar\/9bac1a5eac51861b60150b9fd55a1579b4339df0ccf67b151190dd6a2fcdef77?s=96&d=mm&r=g","caption":"rrodriguez"},"url":"https:\/\/comitedebioetica.isciii.es\/en\/author\/rrodriguez\/"}]}},"_links":{"self":[{"href":"https:\/\/comitedebioetica.isciii.es\/en\/wp-json\/wp\/v2\/posts\/3245","targetHints":{"allow":["GET"]}}],"collection":[{"href":"https:\/\/comitedebioetica.isciii.es\/en\/wp-json\/wp\/v2\/posts"}],"about":[{"href":"https:\/\/comitedebioetica.isciii.es\/en\/wp-json\/wp\/v2\/types\/post"}],"author":[{"embeddable":true,"href":"https:\/\/comitedebioetica.isciii.es\/en\/wp-json\/wp\/v2\/users\/7"}],"replies":[{"embeddable":true,"href":"https:\/\/comitedebioetica.isciii.es\/en\/wp-json\/wp\/v2\/comments?post=3245"}],"version-history":[{"count":10,"href":"https:\/\/comitedebioetica.isciii.es\/en\/wp-json\/wp\/v2\/posts\/3245\/revisions"}],"predecessor-version":[{"id":3258,"href":"https:\/\/comitedebioetica.isciii.es\/en\/wp-json\/wp\/v2\/posts\/3245\/revisions\/3258"}],"wp:attachment":[{"href":"https:\/\/comitedebioetica.isciii.es\/en\/wp-json\/wp\/v2\/media?parent=3245"}],"wp:term":[{"taxonomy":"category","embeddable":true,"href":"https:\/\/comitedebioetica.isciii.es\/en\/wp-json\/wp\/v2\/categories?post=3245"},{"taxonomy":"post_tag","embeddable":true,"href":"https:\/\/comitedebioetica.isciii.es\/en\/wp-json\/wp\/v2\/tags?post=3245"}],"curies":[{"name":"wp","href":"https:\/\/api.w.org\/{rel}","templated":true}]}}