{"id":2658,"date":"2024-06-05T09:26:14","date_gmt":"2024-06-05T07:26:14","guid":{"rendered":"https:\/\/comitedebioetica.isciii.es\/?p=2658"},"modified":"2024-06-05T09:27:29","modified_gmt":"2024-06-05T07:27:29","slug":"i-reunion-de-bioetica-iberica","status":"publish","type":"post","link":"https:\/\/comitedebioetica.isciii.es\/en\/i-reunion-de-bioetica-iberica\/","title":{"rendered":"I Reuni\u00f3n de Bio\u00e9tica Ib\u00e9rica"},"content":{"rendered":"","protected":false},"excerpt":{"rendered":"","protected":false},"author":9,"featured_media":0,"comment_status":"closed","ping_status":"closed","sticky":false,"template":"","format":"standard","meta":{"_acf_changed":false,"footnotes":""},"categories":[32],"tags":[],"class_list":["post-2658","post","type-post","status-publish","format-standard","hentry","category-notas-de-prensa"],"acf":[],"yoast_head":"<!-- This site is optimized with the Yoast SEO plugin v27.5 - https:\/\/yoast.com\/product\/yoast-seo-wordpress\/ -->\n<title>I Reuni\u00f3n de Bio\u00e9tica Ib\u00e9rica - COMIT\u00c9 DE BIO\u00c9TICA DE ESPA\u00d1A<\/title>\n<meta name=\"robots\" content=\"index, follow, max-snippet:-1, max-image-preview:large, max-video-preview:-1\" \/>\n<link rel=\"canonical\" href=\"https:\/\/comitedebioetica.isciii.es\/i-reunion-de-bioetica-iberica\/\" \/>\n<meta property=\"og:locale\" content=\"en_US\" \/>\n<meta property=\"og:type\" content=\"article\" \/>\n<meta property=\"og:title\" content=\"I Reuni\u00f3n de Bio\u00e9tica Ib\u00e9rica - COMIT\u00c9 DE BIO\u00c9TICA DE ESPA\u00d1A\" \/>\n<meta property=\"og:url\" content=\"https:\/\/comitedebioetica.isciii.es\/i-reunion-de-bioetica-iberica\/\" \/>\n<meta property=\"og:site_name\" content=\"COMIT\u00c9 DE BIO\u00c9TICA DE ESPA\u00d1A\" \/>\n<meta property=\"article:published_time\" content=\"2024-06-05T07:26:14+00:00\" \/>\n<meta property=\"article:modified_time\" content=\"2024-06-05T07:27:29+00:00\" \/>\n<meta name=\"author\" content=\"dadmin\" \/>\n<meta name=\"twitter:card\" content=\"summary_large_image\" \/>\n<meta name=\"twitter:label1\" content=\"Written by\" \/>\n\t<meta name=\"twitter:data1\" content=\"dadmin\" \/>\n<script type=\"application\/ld+json\" class=\"yoast-schema-graph\">{\"@context\":\"https:\\\/\\\/schema.org\",\"@graph\":[{\"@type\":\"Article\",\"@id\":\"https:\\\/\\\/comitedebioetica.isciii.es\\\/i-reunion-de-bioetica-iberica\\\/#article\",\"isPartOf\":{\"@id\":\"https:\\\/\\\/comitedebioetica.isciii.es\\\/i-reunion-de-bioetica-iberica\\\/\"},\"author\":{\"name\":\"dadmin\",\"@id\":\"https:\\\/\\\/comitedebioetica.isciii.es\\\/#\\\/schema\\\/person\\\/584ee598e917908f3e2cfd666dfa5fb5\"},\"headline\":\"I Reuni\u00f3n de Bio\u00e9tica Ib\u00e9rica\",\"datePublished\":\"2024-06-05T07:26:14+00:00\",\"dateModified\":\"2024-06-05T07:27:29+00:00\",\"mainEntityOfPage\":{\"@id\":\"https:\\\/\\\/comitedebioetica.isciii.es\\\/i-reunion-de-bioetica-iberica\\\/\"},\"wordCount\":8,\"publisher\":{\"@id\":\"https:\\\/\\\/comitedebioetica.isciii.es\\\/#organization\"},\"articleSection\":[\"Notas de prensa\"],\"inLanguage\":\"en-US\"},{\"@type\":\"WebPage\",\"@id\":\"https:\\\/\\\/comitedebioetica.isciii.es\\\/i-reunion-de-bioetica-iberica\\\/\",\"url\":\"https:\\\/\\\/comitedebioetica.isciii.es\\\/i-reunion-de-bioetica-iberica\\\/\",\"name\":\"I Reuni\u00f3n de Bio\u00e9tica Ib\u00e9rica - COMIT\u00c9 DE BIO\u00c9TICA DE ESPA\u00d1A\",\"isPartOf\":{\"@id\":\"https:\\\/\\\/comitedebioetica.isciii.es\\\/#website\"},\"datePublished\":\"2024-06-05T07:26:14+00:00\",\"dateModified\":\"2024-06-05T07:27:29+00:00\",\"breadcrumb\":{\"@id\":\"https:\\\/\\\/comitedebioetica.isciii.es\\\/i-reunion-de-bioetica-iberica\\\/#breadcrumb\"},\"inLanguage\":\"en-US\",\"potentialAction\":[{\"@type\":\"ReadAction\",\"target\":[\"https:\\\/\\\/comitedebioetica.isciii.es\\\/i-reunion-de-bioetica-iberica\\\/\"]}]},{\"@type\":\"BreadcrumbList\",\"@id\":\"https:\\\/\\\/comitedebioetica.isciii.es\\\/i-reunion-de-bioetica-iberica\\\/#breadcrumb\",\"itemListElement\":[{\"@type\":\"ListItem\",\"position\":1,\"name\":\"Portada\",\"item\":\"https:\\\/\\\/comitedebioetica.isciii.es\\\/\"},{\"@type\":\"ListItem\",\"position\":2,\"name\":\"I Reuni\u00f3n de Bio\u00e9tica Ib\u00e9rica\"}]},{\"@type\":\"WebSite\",\"@id\":\"https:\\\/\\\/comitedebioetica.isciii.es\\\/#website\",\"url\":\"https:\\\/\\\/comitedebioetica.isciii.es\\\/\",\"name\":\"COMIT\u00c9 DE BIO\u00c9TICA DE ESPA\u00d1A\",\"description\":\"Web oficial del Comit\u00e9 de Bio\u00e9tica de Espa\u00f1a, documentos, legislaci\u00f3n y resoluciones, opiniones sobre temas actuales y relevantes\",\"publisher\":{\"@id\":\"https:\\\/\\\/comitedebioetica.isciii.es\\\/#organization\"},\"potentialAction\":[{\"@type\":\"SearchAction\",\"target\":{\"@type\":\"EntryPoint\",\"urlTemplate\":\"https:\\\/\\\/comitedebioetica.isciii.es\\\/?s={search_term_string}\"},\"query-input\":{\"@type\":\"PropertyValueSpecification\",\"valueRequired\":true,\"valueName\":\"search_term_string\"}}],\"inLanguage\":\"en-US\"},{\"@type\":\"Organization\",\"@id\":\"https:\\\/\\\/comitedebioetica.isciii.es\\\/#organization\",\"name\":\"COMIT\u00c9 DE BIO\u00c9TICA DE ESPA\u00d1A\",\"url\":\"https:\\\/\\\/comitedebioetica.isciii.es\\\/\",\"logo\":{\"@type\":\"ImageObject\",\"inLanguage\":\"en-US\",\"@id\":\"https:\\\/\\\/comitedebioetica.isciii.es\\\/#\\\/schema\\\/logo\\\/image\\\/\",\"url\":\"https:\\\/\\\/comitedebioetica.isciii.es\\\/wp-content\\\/uploads\\\/2023\\\/10\\\/LOGO-COMITE-BIOETICA-ESPANA.png\",\"contentUrl\":\"https:\\\/\\\/comitedebioetica.isciii.es\\\/wp-content\\\/uploads\\\/2023\\\/10\\\/LOGO-COMITE-BIOETICA-ESPANA.png\",\"width\":250,\"height\":127,\"caption\":\"COMIT\u00c9 DE BIO\u00c9TICA DE ESPA\u00d1A\"},\"image\":{\"@id\":\"https:\\\/\\\/comitedebioetica.isciii.es\\\/#\\\/schema\\\/logo\\\/image\\\/\"}},{\"@type\":\"Person\",\"@id\":\"https:\\\/\\\/comitedebioetica.isciii.es\\\/#\\\/schema\\\/person\\\/584ee598e917908f3e2cfd666dfa5fb5\",\"name\":\"dadmin\",\"image\":{\"@type\":\"ImageObject\",\"inLanguage\":\"en-US\",\"@id\":\"https:\\\/\\\/secure.gravatar.com\\\/avatar\\\/697fc8256b0332b3fedcf9e152f0abcfc4304dece1f757af961a5dc021861911?s=96&d=mm&r=g\",\"url\":\"https:\\\/\\\/secure.gravatar.com\\\/avatar\\\/697fc8256b0332b3fedcf9e152f0abcfc4304dece1f757af961a5dc021861911?s=96&d=mm&r=g\",\"contentUrl\":\"https:\\\/\\\/secure.gravatar.com\\\/avatar\\\/697fc8256b0332b3fedcf9e152f0abcfc4304dece1f757af961a5dc021861911?s=96&d=mm&r=g\",\"caption\":\"dadmin\"},\"url\":\"https:\\\/\\\/comitedebioetica.isciii.es\\\/en\\\/author\\\/dadmin\\\/\"}]}<\/script>\n<!-- \/ Yoast SEO plugin. -->","yoast_head_json":{"title":"I Reuni\u00f3n de Bio\u00e9tica Ib\u00e9rica - COMIT\u00c9 DE BIO\u00c9TICA DE ESPA\u00d1A","robots":{"index":"index","follow":"follow","max-snippet":"max-snippet:-1","max-image-preview":"max-image-preview:large","max-video-preview":"max-video-preview:-1"},"canonical":"https:\/\/comitedebioetica.isciii.es\/i-reunion-de-bioetica-iberica\/","og_locale":"en_US","og_type":"article","og_title":"I Reuni\u00f3n de Bio\u00e9tica Ib\u00e9rica - COMIT\u00c9 DE BIO\u00c9TICA DE ESPA\u00d1A","og_url":"https:\/\/comitedebioetica.isciii.es\/i-reunion-de-bioetica-iberica\/","og_site_name":"COMIT\u00c9 DE BIO\u00c9TICA DE ESPA\u00d1A","article_published_time":"2024-06-05T07:26:14+00:00","article_modified_time":"2024-06-05T07:27:29+00:00","author":"dadmin","twitter_card":"summary_large_image","twitter_misc":{"Written by":"dadmin"},"schema":{"@context":"https:\/\/schema.org","@graph":[{"@type":"Article","@id":"https:\/\/comitedebioetica.isciii.es\/i-reunion-de-bioetica-iberica\/#article","isPartOf":{"@id":"https:\/\/comitedebioetica.isciii.es\/i-reunion-de-bioetica-iberica\/"},"author":{"name":"dadmin","@id":"https:\/\/comitedebioetica.isciii.es\/#\/schema\/person\/584ee598e917908f3e2cfd666dfa5fb5"},"headline":"I Reuni\u00f3n de Bio\u00e9tica Ib\u00e9rica","datePublished":"2024-06-05T07:26:14+00:00","dateModified":"2024-06-05T07:27:29+00:00","mainEntityOfPage":{"@id":"https:\/\/comitedebioetica.isciii.es\/i-reunion-de-bioetica-iberica\/"},"wordCount":8,"publisher":{"@id":"https:\/\/comitedebioetica.isciii.es\/#organization"},"articleSection":["Notas de prensa"],"inLanguage":"en-US"},{"@type":"WebPage","@id":"https:\/\/comitedebioetica.isciii.es\/i-reunion-de-bioetica-iberica\/","url":"https:\/\/comitedebioetica.isciii.es\/i-reunion-de-bioetica-iberica\/","name":"I Reuni\u00f3n de Bio\u00e9tica Ib\u00e9rica - COMIT\u00c9 DE BIO\u00c9TICA DE ESPA\u00d1A","isPartOf":{"@id":"https:\/\/comitedebioetica.isciii.es\/#website"},"datePublished":"2024-06-05T07:26:14+00:00","dateModified":"2024-06-05T07:27:29+00:00","breadcrumb":{"@id":"https:\/\/comitedebioetica.isciii.es\/i-reunion-de-bioetica-iberica\/#breadcrumb"},"inLanguage":"en-US","potentialAction":[{"@type":"ReadAction","target":["https:\/\/comitedebioetica.isciii.es\/i-reunion-de-bioetica-iberica\/"]}]},{"@type":"BreadcrumbList","@id":"https:\/\/comitedebioetica.isciii.es\/i-reunion-de-bioetica-iberica\/#breadcrumb","itemListElement":[{"@type":"ListItem","position":1,"name":"Portada","item":"https:\/\/comitedebioetica.isciii.es\/"},{"@type":"ListItem","position":2,"name":"I Reuni\u00f3n de Bio\u00e9tica Ib\u00e9rica"}]},{"@type":"WebSite","@id":"https:\/\/comitedebioetica.isciii.es\/#website","url":"https:\/\/comitedebioetica.isciii.es\/","name":"COMIT\u00c9 DE BIO\u00c9TICA DE ESPA\u00d1A","description":"Web oficial del Comit\u00e9 de Bio\u00e9tica de Espa\u00f1a, documentos, legislaci\u00f3n y resoluciones, opiniones sobre temas actuales y relevantes","publisher":{"@id":"https:\/\/comitedebioetica.isciii.es\/#organization"},"potentialAction":[{"@type":"SearchAction","target":{"@type":"EntryPoint","urlTemplate":"https:\/\/comitedebioetica.isciii.es\/?s={search_term_string}"},"query-input":{"@type":"PropertyValueSpecification","valueRequired":true,"valueName":"search_term_string"}}],"inLanguage":"en-US"},{"@type":"Organization","@id":"https:\/\/comitedebioetica.isciii.es\/#organization","name":"COMIT\u00c9 DE BIO\u00c9TICA DE ESPA\u00d1A","url":"https:\/\/comitedebioetica.isciii.es\/","logo":{"@type":"ImageObject","inLanguage":"en-US","@id":"https:\/\/comitedebioetica.isciii.es\/#\/schema\/logo\/image\/","url":"https:\/\/comitedebioetica.isciii.es\/wp-content\/uploads\/2023\/10\/LOGO-COMITE-BIOETICA-ESPANA.png","contentUrl":"https:\/\/comitedebioetica.isciii.es\/wp-content\/uploads\/2023\/10\/LOGO-COMITE-BIOETICA-ESPANA.png","width":250,"height":127,"caption":"COMIT\u00c9 DE BIO\u00c9TICA DE ESPA\u00d1A"},"image":{"@id":"https:\/\/comitedebioetica.isciii.es\/#\/schema\/logo\/image\/"}},{"@type":"Person","@id":"https:\/\/comitedebioetica.isciii.es\/#\/schema\/person\/584ee598e917908f3e2cfd666dfa5fb5","name":"dadmin","image":{"@type":"ImageObject","inLanguage":"en-US","@id":"https:\/\/secure.gravatar.com\/avatar\/697fc8256b0332b3fedcf9e152f0abcfc4304dece1f757af961a5dc021861911?s=96&d=mm&r=g","url":"https:\/\/secure.gravatar.com\/avatar\/697fc8256b0332b3fedcf9e152f0abcfc4304dece1f757af961a5dc021861911?s=96&d=mm&r=g","contentUrl":"https:\/\/secure.gravatar.com\/avatar\/697fc8256b0332b3fedcf9e152f0abcfc4304dece1f757af961a5dc021861911?s=96&d=mm&r=g","caption":"dadmin"},"url":"https:\/\/comitedebioetica.isciii.es\/en\/author\/dadmin\/"}]}},"_links":{"self":[{"href":"https:\/\/comitedebioetica.isciii.es\/en\/wp-json\/wp\/v2\/posts\/2658","targetHints":{"allow":["GET"]}}],"collection":[{"href":"https:\/\/comitedebioetica.isciii.es\/en\/wp-json\/wp\/v2\/posts"}],"about":[{"href":"https:\/\/comitedebioetica.isciii.es\/en\/wp-json\/wp\/v2\/types\/post"}],"author":[{"embeddable":true,"href":"https:\/\/comitedebioetica.isciii.es\/en\/wp-json\/wp\/v2\/users\/9"}],"replies":[{"embeddable":true,"href":"https:\/\/comitedebioetica.isciii.es\/en\/wp-json\/wp\/v2\/comments?post=2658"}],"version-history":[{"count":2,"href":"https:\/\/comitedebioetica.isciii.es\/en\/wp-json\/wp\/v2\/posts\/2658\/revisions"}],"predecessor-version":[{"id":2663,"href":"https:\/\/comitedebioetica.isciii.es\/en\/wp-json\/wp\/v2\/posts\/2658\/revisions\/2663"}],"wp:attachment":[{"href":"https:\/\/comitedebioetica.isciii.es\/en\/wp-json\/wp\/v2\/media?parent=2658"}],"wp:term":[{"taxonomy":"category","embeddable":true,"href":"https:\/\/comitedebioetica.isciii.es\/en\/wp-json\/wp\/v2\/categories?post=2658"},{"taxonomy":"post_tag","embeddable":true,"href":"https:\/\/comitedebioetica.isciii.es\/en\/wp-json\/wp\/v2\/tags?post=2658"}],"curies":[{"name":"wp","href":"https:\/\/api.w.org\/{rel}","templated":true}]}}