{"id":1742,"date":"2023-10-11T05:29:49","date_gmt":"2023-10-11T03:29:49","guid":{"rendered":"https:\/\/comitedebioetica.isciii.es\/?p=1742"},"modified":"2026-02-16T14:07:22","modified_gmt":"2026-02-16T12:07:22","slug":"dona-maria-jose-buitrago","status":"publish","type":"post","link":"https:\/\/comitedebioetica.isciii.es\/en\/dona-maria-jose-buitrago\/","title":{"rendered":"Do\u00f1a Mar\u00eda Jos\u00e9 Buitrago"},"content":{"rendered":"\t\t<div data-elementor-type=\"wp-post\" data-elementor-id=\"1742\" class=\"elementor elementor-1742\" data-elementor-post-type=\"post\">\n\t\t\t\t<div class=\"elementor-element elementor-element-2bcfde11 e-con-full e-flex e-con e-parent\" data-id=\"2bcfde11\" data-element_type=\"container\" data-e-type=\"container\">\n\t\t\t\t<div class=\"elementor-element elementor-element-13aac5bd elementor-widget elementor-widget-template\" data-id=\"13aac5bd\" data-element_type=\"widget\" data-e-type=\"widget\" data-widget_type=\"template.default\">\n\t\t\t\t<div class=\"elementor-widget-container\">\n\t\t\t\t\t\t\t<div class=\"elementor-template\">\n\t\t\t\t\t<div data-elementor-type=\"section\" data-elementor-id=\"1315\" class=\"elementor elementor-1315\" data-elementor-post-type=\"elementor_library\">\n\t\t\t<div class=\"elementor-element elementor-element-5dddb021 e-con-full e-flex e-con e-parent\" data-id=\"5dddb021\" data-element_type=\"container\" data-e-type=\"container\" data-settings=\"{&quot;background_background&quot;:&quot;classic&quot;}\">\n\t\t\t\t<div class=\"elementor-element elementor-element-507d4713 elementor-widget elementor-widget-heading\" data-id=\"507d4713\" data-element_type=\"widget\" data-e-type=\"widget\" data-widget_type=\"heading.default\">\n\t\t\t\t<div class=\"elementor-widget-container\">\n\t\t\t\t\t<h1 class=\"elementor-heading-title elementor-size-default\">COMIT\u00c9 BIO\u00c9TICA DE ESPA\u00d1A<\/h1>\t\t\t\t<\/div>\n\t\t\t\t<\/div>\n\t\t\t\t<div class=\"elementor-element elementor-element-32763019 elementor-widget elementor-widget-heading\" data-id=\"32763019\" data-element_type=\"widget\" data-e-type=\"widget\" data-widget_type=\"heading.default\">\n\t\t\t\t<div class=\"elementor-widget-container\">\n\t\t\t\t\t<h2 class=\"elementor-heading-title elementor-size-default\">Do\u00f1a Mar\u00eda Jos\u00e9 Buitrago<\/h2>\t\t\t\t<\/div>\n\t\t\t\t<\/div>\n\t\t\t\t<\/div>\n\t\t<div class=\"elementor-element elementor-element-5c58cfdb e-con-full e-flex e-con e-parent\" data-id=\"5c58cfdb\" data-element_type=\"container\" data-e-type=\"container\">\n\t\t\t\t<div class=\"elementor-element elementor-element-6e424000 elementor-nav-menu__align-start elementor-nav-menu--dropdown-none elementor-widget__width-inherit elementor-widget elementor-widget-nav-menu\" data-id=\"6e424000\" data-element_type=\"widget\" data-e-type=\"widget\" data-settings=\"{&quot;layout&quot;:&quot;horizontal&quot;,&quot;submenu_icon&quot;:{&quot;value&quot;:&quot;&lt;i class=\\&quot;fas fa-caret-down\\&quot; aria-hidden=\\&quot;true\\&quot;&gt;&lt;\\\/i&gt;&quot;,&quot;library&quot;:&quot;fa-solid&quot;}}\" data-widget_type=\"nav-menu.default\">\n\t\t\t\t<div class=\"elementor-widget-container\">\n\t\t\t\t\t\t\t\t<nav aria-label=\"Menu\" class=\"elementor-nav-menu--main elementor-nav-menu__container elementor-nav-menu--layout-horizontal e--pointer-underline e--animation-fade\">\n\t\t\t\t<ul id=\"menu-1-6e424000\" class=\"elementor-nav-menu\"><li class=\"menu-item menu-item-type-post_type menu-item-object-page menu-item-2333\"><a href=\"https:\/\/comitedebioetica.isciii.es\/en\/composition\/\" class=\"elementor-item\">Composition<\/a><\/li>\n<li class=\"menu-item menu-item-type-post_type menu-item-object-page menu-item-2334\"><a href=\"https:\/\/comitedebioetica.isciii.es\/en\/organization-and-competencies\/\" class=\"elementor-item\">Organization and competencies<\/a><\/li>\n<li class=\"menu-item menu-item-type-post_type menu-item-object-page menu-item-2335\"><a href=\"https:\/\/comitedebioetica.isciii.es\/en\/legal-regime\/\" class=\"elementor-item\">Legal Regime<\/a><\/li>\n<li class=\"menu-item menu-item-type-post_type menu-item-object-page menu-item-2336\"><a href=\"https:\/\/comitedebioetica.isciii.es\/en\/historical\/\" class=\"elementor-item\">Historical<\/a><\/li>\n<li class=\"menu-item menu-item-type-post_type menu-item-object-page menu-item-2337\"><a href=\"https:\/\/comitedebioetica.isciii.es\/en\/photo-gallery\/\" class=\"elementor-item\">Photo gallery<\/a><\/li>\n<\/ul>\t\t\t<\/nav>\n\t\t\t\t\t\t<nav class=\"elementor-nav-menu--dropdown elementor-nav-menu__container\" aria-hidden=\"true\">\n\t\t\t\t<ul id=\"menu-2-6e424000\" class=\"elementor-nav-menu\"><li class=\"menu-item menu-item-type-post_type menu-item-object-page menu-item-2333\"><a href=\"https:\/\/comitedebioetica.isciii.es\/en\/composition\/\" class=\"elementor-item\" tabindex=\"-1\">Composition<\/a><\/li>\n<li class=\"menu-item menu-item-type-post_type menu-item-object-page menu-item-2334\"><a href=\"https:\/\/comitedebioetica.isciii.es\/en\/organization-and-competencies\/\" class=\"elementor-item\" tabindex=\"-1\">Organization and competencies<\/a><\/li>\n<li class=\"menu-item menu-item-type-post_type menu-item-object-page menu-item-2335\"><a href=\"https:\/\/comitedebioetica.isciii.es\/en\/legal-regime\/\" class=\"elementor-item\" tabindex=\"-1\">Legal Regime<\/a><\/li>\n<li class=\"menu-item menu-item-type-post_type menu-item-object-page menu-item-2336\"><a href=\"https:\/\/comitedebioetica.isciii.es\/en\/historical\/\" class=\"elementor-item\" tabindex=\"-1\">Historical<\/a><\/li>\n<li class=\"menu-item menu-item-type-post_type menu-item-object-page menu-item-2337\"><a href=\"https:\/\/comitedebioetica.isciii.es\/en\/photo-gallery\/\" class=\"elementor-item\" tabindex=\"-1\">Photo gallery<\/a><\/li>\n<\/ul>\t\t\t<\/nav>\n\t\t\t\t\t\t<\/div>\n\t\t\t\t<\/div>\n\t\t\t\t<\/div>\n\t\t\t\t<\/div>\n\t\t\t\t<\/div>\n\t\t\t\t\t\t<\/div>\n\t\t\t\t<\/div>\n\t\t\t\t<\/div>\n\t\t<div class=\"elementor-element elementor-element-1a4ff365 e-flex e-con-boxed e-con e-parent\" data-id=\"1a4ff365\" data-element_type=\"container\" data-e-type=\"container\">\n\t\t\t\t\t<div class=\"e-con-inner\">\n\t\t<div class=\"elementor-element elementor-element-2cbefc08 e-con-full e-flex e-con e-child\" data-id=\"2cbefc08\" data-element_type=\"container\" data-e-type=\"container\">\n\t\t\t\t<div class=\"elementor-element elementor-element-766c7492 elementor-widget elementor-widget-text-editor\" data-id=\"766c7492\" data-element_type=\"widget\" data-e-type=\"widget\" data-widget_type=\"text-editor.default\">\n\t\t\t\t<div class=\"elementor-widget-container\">\n\t\t\t\t\t\t\t\t\t<p>Mar\u00eda Jos\u00e9 Buitrago ha desarrollado la mayor parte de su carrera cient\u00edfica en el\u00a0<a href=\"https:\/\/cnm.isciii.es\/\" target=\"_blank\" rel=\"noopener\"><strong>Centro Nacional de Microbiolog\u00eda (CNM)<\/strong><\/a>\u00a0del ISCIII. En el a\u00f1o 2002 se incorpor\u00f3 al Laboratorio de Referencia e Investigaci\u00f3n en Micolog\u00eda, tras llevar a cabo una estancia postdoctoral de 3 a\u00f1os en el Instituto Pasteur de Par\u00eds. Durante sus a\u00f1os de labor investigadora lider\u00f3 proyectos enfocados al desarrollo de nuevos m\u00e9todos moleculares para el diagn\u00f3stico de las enfermedades causadas por hongos pat\u00f3genos.<\/p><p>\u00a0<\/p><p>La nueva subdirectora form\u00f3 parte entre 2015 y 2023 del Sistema de Respuesta R\u00e1pida del Instituto, actuando como coordinadora entre 2021 y 2022, y ha ejercido desde 2022 como secretaria del Programa de doctorado\u00a0<a href=\"https:\/\/www.imiens.es\/\" target=\"_blank\" rel=\"noopener\"><strong>ISCIII-IMIENS-UNED<\/strong><\/a>.<\/p><p>\u00a0<\/p><p>Ha publicado a lo largo de su carrera m\u00e1s de 80 art\u00edculos cient\u00edficos originales, es autora de tres patentes y ha realizado tareas de docencia, direcci\u00f3n de tesis doctorales y participaci\u00f3n en diversos comit\u00e9s cient\u00edficos. Es socia fundadora de la empresa spin-off del ISCIII \u201cMicolog\u00eda Molecular\u201d y ha participado en proyectos europeos relacionados con la preparaci\u00f3n y respuesta a pandemias, as\u00ed como en el desarrollo de nuevas infraestructuras de investigaci\u00f3n en salud.<\/p>\t\t\t\t\t\t\t\t<\/div>\n\t\t\t\t<\/div>\n\t\t\t\t<\/div>\n\t\t<div class=\"elementor-element elementor-element-7213f12b e-con-full e-flex e-con e-child\" data-id=\"7213f12b\" data-element_type=\"container\" data-e-type=\"container\">\n\t\t\t\t<div class=\"elementor-element elementor-element-11d58cc1 elementor-widget elementor-widget-image\" data-id=\"11d58cc1\" data-element_type=\"widget\" data-e-type=\"widget\" data-widget_type=\"image.default\">\n\t\t\t\t<div class=\"elementor-widget-container\">\n\t\t\t\t\t\t\t\t\t\t\t\t\t\t\t<img decoding=\"async\" width=\"150\" height=\"142\" src=\"https:\/\/comitedebioetica.isciii.es\/wp-content\/uploads\/2026\/02\/Maria-Jose-Buitrago.png\" class=\"attachment-thumbnail size-thumbnail wp-image-3259\" alt=\"\" \/>\t\t\t\t\t\t\t\t\t\t\t\t\t\t\t<\/div>\n\t\t\t\t<\/div>\n\t\t\t\t<div class=\"elementor-element elementor-element-6719427d elementor-widget elementor-widget-heading\" data-id=\"6719427d\" data-element_type=\"widget\" data-e-type=\"widget\" data-widget_type=\"heading.default\">\n\t\t\t\t<div class=\"elementor-widget-container\">\n\t\t\t\t\t<span class=\"elementor-heading-title elementor-size-default\">Do\u00f1a Mar\u00eda Jos\u00e9 Buitrago<\/span>\t\t\t\t<\/div>\n\t\t\t\t<\/div>\n\t\t\t\t<div class=\"elementor-element elementor-element-c310bae elementor-widget elementor-widget-heading\" data-id=\"c310bae\" data-element_type=\"widget\" data-e-type=\"widget\" data-widget_type=\"heading.default\">\n\t\t\t\t<div class=\"elementor-widget-container\">\n\t\t\t\t\t<span class=\"elementor-heading-title elementor-size-default\">Secretaria<\/span>\t\t\t\t<\/div>\n\t\t\t\t<\/div>\n\t\t\t\t<\/div>\n\t\t\t\t\t<\/div>\n\t\t\t\t<\/div>\n\t\t<div class=\"elementor-element elementor-element-43d03471 e-flex e-con-boxed e-con e-parent\" data-id=\"43d03471\" data-element_type=\"container\" data-e-type=\"container\">\n\t\t\t\t\t<div class=\"e-con-inner\">\n\t\t\t\t<div class=\"elementor-element elementor-element-5f4a48a4 elementor-widget elementor-widget-global elementor-global-1660 elementor-widget-button\" data-id=\"5f4a48a4\" data-element_type=\"widget\" data-e-type=\"widget\" data-widget_type=\"button.default\">\n\t\t\t\t<div class=\"elementor-widget-container\">\n\t\t\t\t\t\t\t\t\t<div class=\"elementor-button-wrapper\">\n\t\t\t\t\t<a class=\"elementor-button elementor-button-link elementor-size-sm\" href=\"https:\/\/comitedebioetica.isciii.es\/composicion\/\">\n\t\t\t\t\t\t<span class=\"elementor-button-content-wrapper\">\n\t\t\t\t\t\t<span class=\"elementor-button-icon\">\n\t\t\t\t<i aria-hidden=\"true\" class=\"fas fa-arrow-left\"><\/i>\t\t\t<\/span>\n\t\t\t\t\t\t\t\t\t<span class=\"elementor-button-text\">Ir a composici\u00f3n<\/span>\n\t\t\t\t\t<\/span>\n\t\t\t\t\t<\/a>\n\t\t\t\t<\/div>\n\t\t\t\t\t\t\t\t<\/div>\n\t\t\t\t<\/div>\n\t\t\t\t\t<\/div>\n\t\t\t\t<\/div>\n\t\t\t\t<\/div>\n\t\t","protected":false},"excerpt":{"rendered":"<p>Mar\u00eda Jos\u00e9 Buitrago ha desarrollado la mayor parte de su carrera cient\u00edfica en el\u00a0Centro Nacional de Microbiolog\u00eda (CNM)\u00a0del ISCIII. En el a\u00f1o 2002 se incorpor\u00f3 al Laboratorio de Referencia e Investigaci\u00f3n en Micolog\u00eda, tras llevar a cabo una estancia postdoctoral de 3 a\u00f1os en el Instituto Pasteur de Par\u00eds. Durante sus a\u00f1os de labor investigadora [&hellip;]<\/p>\n","protected":false},"author":1,"featured_media":0,"comment_status":"closed","ping_status":"closed","sticky":false,"template":"","format":"standard","meta":{"_acf_changed":false,"footnotes":""},"categories":[18],"tags":[],"class_list":["post-1742","post","type-post","status-publish","format-standard","hentry","category-composicion"],"acf":[],"yoast_head":"<!-- This site is optimized with the Yoast SEO plugin v27.5 - https:\/\/yoast.com\/product\/yoast-seo-wordpress\/ -->\n<title>Do\u00f1a Mar\u00eda Jos\u00e9 Buitrago - COMIT\u00c9 DE BIO\u00c9TICA DE ESPA\u00d1A<\/title>\n<meta name=\"robots\" content=\"index, follow, max-snippet:-1, max-image-preview:large, max-video-preview:-1\" \/>\n<link rel=\"canonical\" href=\"https:\/\/comitedebioetica.isciii.es\/dona-maria-jose-buitrago\/\" \/>\n<meta property=\"og:locale\" content=\"en_US\" \/>\n<meta property=\"og:type\" content=\"article\" \/>\n<meta property=\"og:title\" content=\"Do\u00f1a Mar\u00eda Jos\u00e9 Buitrago - COMIT\u00c9 DE BIO\u00c9TICA DE ESPA\u00d1A\" \/>\n<meta property=\"og:description\" content=\"Mar\u00eda Jos\u00e9 Buitrago ha desarrollado la mayor parte de su carrera cient\u00edfica en el\u00a0Centro Nacional de Microbiolog\u00eda (CNM)\u00a0del ISCIII. En el a\u00f1o 2002 se incorpor\u00f3 al Laboratorio de Referencia e Investigaci\u00f3n en Micolog\u00eda, tras llevar a cabo una estancia postdoctoral de 3 a\u00f1os en el Instituto Pasteur de Par\u00eds. Durante sus a\u00f1os de labor investigadora [&hellip;]\" \/>\n<meta property=\"og:url\" content=\"https:\/\/comitedebioetica.isciii.es\/dona-maria-jose-buitrago\/\" \/>\n<meta property=\"og:site_name\" content=\"COMIT\u00c9 DE BIO\u00c9TICA DE ESPA\u00d1A\" \/>\n<meta property=\"article:published_time\" content=\"2023-10-11T03:29:49+00:00\" \/>\n<meta property=\"article:modified_time\" content=\"2026-02-16T12:07:22+00:00\" \/>\n<meta property=\"og:image\" content=\"https:\/\/comitedebioetica.isciii.es\/wp-content\/uploads\/2026\/02\/Maria-Jose-Buitrago.png\" \/>\n<meta name=\"author\" content=\"admin.bioetica\" \/>\n<meta name=\"twitter:card\" content=\"summary_large_image\" \/>\n<meta name=\"twitter:label1\" content=\"Written by\" \/>\n\t<meta name=\"twitter:data1\" content=\"admin.bioetica\" \/>\n\t<meta name=\"twitter:label2\" content=\"Est. reading time\" \/>\n\t<meta name=\"twitter:data2\" content=\"2 minutes\" \/>\n<script type=\"application\/ld+json\" class=\"yoast-schema-graph\">{\"@context\":\"https:\\\/\\\/schema.org\",\"@graph\":[{\"@type\":\"Article\",\"@id\":\"https:\\\/\\\/comitedebioetica.isciii.es\\\/dona-maria-jose-buitrago\\\/#article\",\"isPartOf\":{\"@id\":\"https:\\\/\\\/comitedebioetica.isciii.es\\\/dona-maria-jose-buitrago\\\/\"},\"author\":{\"name\":\"admin.bioetica\",\"@id\":\"https:\\\/\\\/comitedebioetica.isciii.es\\\/#\\\/schema\\\/person\\\/5d6ef056ec489c286588b38dfdd8ba9f\"},\"headline\":\"Do\u00f1a Mar\u00eda Jos\u00e9 Buitrago\",\"datePublished\":\"2023-10-11T03:29:49+00:00\",\"dateModified\":\"2026-02-16T12:07:22+00:00\",\"mainEntityOfPage\":{\"@id\":\"https:\\\/\\\/comitedebioetica.isciii.es\\\/dona-maria-jose-buitrago\\\/\"},\"wordCount\":215,\"publisher\":{\"@id\":\"https:\\\/\\\/comitedebioetica.isciii.es\\\/#organization\"},\"image\":{\"@id\":\"https:\\\/\\\/comitedebioetica.isciii.es\\\/dona-maria-jose-buitrago\\\/#primaryimage\"},\"thumbnailUrl\":\"https:\\\/\\\/comitedebioetica.isciii.es\\\/wp-content\\\/uploads\\\/2026\\\/02\\\/Maria-Jose-Buitrago.png\",\"articleSection\":[\"Composici\u00f3n\"],\"inLanguage\":\"en-US\"},{\"@type\":\"WebPage\",\"@id\":\"https:\\\/\\\/comitedebioetica.isciii.es\\\/dona-maria-jose-buitrago\\\/\",\"url\":\"https:\\\/\\\/comitedebioetica.isciii.es\\\/dona-maria-jose-buitrago\\\/\",\"name\":\"Do\u00f1a Mar\u00eda Jos\u00e9 Buitrago - COMIT\u00c9 DE BIO\u00c9TICA DE ESPA\u00d1A\",\"isPartOf\":{\"@id\":\"https:\\\/\\\/comitedebioetica.isciii.es\\\/#website\"},\"primaryImageOfPage\":{\"@id\":\"https:\\\/\\\/comitedebioetica.isciii.es\\\/dona-maria-jose-buitrago\\\/#primaryimage\"},\"image\":{\"@id\":\"https:\\\/\\\/comitedebioetica.isciii.es\\\/dona-maria-jose-buitrago\\\/#primaryimage\"},\"thumbnailUrl\":\"https:\\\/\\\/comitedebioetica.isciii.es\\\/wp-content\\\/uploads\\\/2026\\\/02\\\/Maria-Jose-Buitrago.png\",\"datePublished\":\"2023-10-11T03:29:49+00:00\",\"dateModified\":\"2026-02-16T12:07:22+00:00\",\"breadcrumb\":{\"@id\":\"https:\\\/\\\/comitedebioetica.isciii.es\\\/dona-maria-jose-buitrago\\\/#breadcrumb\"},\"inLanguage\":\"en-US\",\"potentialAction\":[{\"@type\":\"ReadAction\",\"target\":[\"https:\\\/\\\/comitedebioetica.isciii.es\\\/dona-maria-jose-buitrago\\\/\"]}]},{\"@type\":\"ImageObject\",\"inLanguage\":\"en-US\",\"@id\":\"https:\\\/\\\/comitedebioetica.isciii.es\\\/dona-maria-jose-buitrago\\\/#primaryimage\",\"url\":\"https:\\\/\\\/comitedebioetica.isciii.es\\\/wp-content\\\/uploads\\\/2026\\\/02\\\/Maria-Jose-Buitrago.png\",\"contentUrl\":\"https:\\\/\\\/comitedebioetica.isciii.es\\\/wp-content\\\/uploads\\\/2026\\\/02\\\/Maria-Jose-Buitrago.png\"},{\"@type\":\"BreadcrumbList\",\"@id\":\"https:\\\/\\\/comitedebioetica.isciii.es\\\/dona-maria-jose-buitrago\\\/#breadcrumb\",\"itemListElement\":[{\"@type\":\"ListItem\",\"position\":1,\"name\":\"Portada\",\"item\":\"https:\\\/\\\/comitedebioetica.isciii.es\\\/\"},{\"@type\":\"ListItem\",\"position\":2,\"name\":\"Do\u00f1a Mar\u00eda Jos\u00e9 Buitrago\"}]},{\"@type\":\"WebSite\",\"@id\":\"https:\\\/\\\/comitedebioetica.isciii.es\\\/#website\",\"url\":\"https:\\\/\\\/comitedebioetica.isciii.es\\\/\",\"name\":\"COMIT\u00c9 DE BIO\u00c9TICA DE ESPA\u00d1A\",\"description\":\"Web oficial del Comit\u00e9 de Bio\u00e9tica de Espa\u00f1a, documentos, legislaci\u00f3n y resoluciones, opiniones sobre temas actuales y relevantes\",\"publisher\":{\"@id\":\"https:\\\/\\\/comitedebioetica.isciii.es\\\/#organization\"},\"potentialAction\":[{\"@type\":\"SearchAction\",\"target\":{\"@type\":\"EntryPoint\",\"urlTemplate\":\"https:\\\/\\\/comitedebioetica.isciii.es\\\/?s={search_term_string}\"},\"query-input\":{\"@type\":\"PropertyValueSpecification\",\"valueRequired\":true,\"valueName\":\"search_term_string\"}}],\"inLanguage\":\"en-US\"},{\"@type\":\"Organization\",\"@id\":\"https:\\\/\\\/comitedebioetica.isciii.es\\\/#organization\",\"name\":\"COMIT\u00c9 DE BIO\u00c9TICA DE ESPA\u00d1A\",\"url\":\"https:\\\/\\\/comitedebioetica.isciii.es\\\/\",\"logo\":{\"@type\":\"ImageObject\",\"inLanguage\":\"en-US\",\"@id\":\"https:\\\/\\\/comitedebioetica.isciii.es\\\/#\\\/schema\\\/logo\\\/image\\\/\",\"url\":\"https:\\\/\\\/comitedebioetica.isciii.es\\\/wp-content\\\/uploads\\\/2023\\\/10\\\/LOGO-COMITE-BIOETICA-ESPANA.png\",\"contentUrl\":\"https:\\\/\\\/comitedebioetica.isciii.es\\\/wp-content\\\/uploads\\\/2023\\\/10\\\/LOGO-COMITE-BIOETICA-ESPANA.png\",\"width\":250,\"height\":127,\"caption\":\"COMIT\u00c9 DE BIO\u00c9TICA DE ESPA\u00d1A\"},\"image\":{\"@id\":\"https:\\\/\\\/comitedebioetica.isciii.es\\\/#\\\/schema\\\/logo\\\/image\\\/\"}},{\"@type\":\"Person\",\"@id\":\"https:\\\/\\\/comitedebioetica.isciii.es\\\/#\\\/schema\\\/person\\\/5d6ef056ec489c286588b38dfdd8ba9f\",\"name\":\"admin.bioetica\",\"image\":{\"@type\":\"ImageObject\",\"inLanguage\":\"en-US\",\"@id\":\"https:\\\/\\\/secure.gravatar.com\\\/avatar\\\/0d0d19fc26d1ce974ea5ca2f1b0d384290cf2a87401ce9ea6965be09a42386b0?s=96&d=mm&r=g\",\"url\":\"https:\\\/\\\/secure.gravatar.com\\\/avatar\\\/0d0d19fc26d1ce974ea5ca2f1b0d384290cf2a87401ce9ea6965be09a42386b0?s=96&d=mm&r=g\",\"contentUrl\":\"https:\\\/\\\/secure.gravatar.com\\\/avatar\\\/0d0d19fc26d1ce974ea5ca2f1b0d384290cf2a87401ce9ea6965be09a42386b0?s=96&d=mm&r=g\",\"caption\":\"admin.bioetica\"},\"sameAs\":[\"https:\\\/\\\/comitedebioetica.isciii.es\"],\"url\":\"https:\\\/\\\/comitedebioetica.isciii.es\\\/en\\\/author\\\/admin-bioetica\\\/\"}]}<\/script>\n<!-- \/ Yoast SEO plugin. -->","yoast_head_json":{"title":"Do\u00f1a Mar\u00eda Jos\u00e9 Buitrago - COMIT\u00c9 DE BIO\u00c9TICA DE ESPA\u00d1A","robots":{"index":"index","follow":"follow","max-snippet":"max-snippet:-1","max-image-preview":"max-image-preview:large","max-video-preview":"max-video-preview:-1"},"canonical":"https:\/\/comitedebioetica.isciii.es\/dona-maria-jose-buitrago\/","og_locale":"en_US","og_type":"article","og_title":"Do\u00f1a Mar\u00eda Jos\u00e9 Buitrago - COMIT\u00c9 DE BIO\u00c9TICA DE ESPA\u00d1A","og_description":"Mar\u00eda Jos\u00e9 Buitrago ha desarrollado la mayor parte de su carrera cient\u00edfica en el\u00a0Centro Nacional de Microbiolog\u00eda (CNM)\u00a0del ISCIII. En el a\u00f1o 2002 se incorpor\u00f3 al Laboratorio de Referencia e Investigaci\u00f3n en Micolog\u00eda, tras llevar a cabo una estancia postdoctoral de 3 a\u00f1os en el Instituto Pasteur de Par\u00eds. Durante sus a\u00f1os de labor investigadora [&hellip;]","og_url":"https:\/\/comitedebioetica.isciii.es\/dona-maria-jose-buitrago\/","og_site_name":"COMIT\u00c9 DE BIO\u00c9TICA DE ESPA\u00d1A","article_published_time":"2023-10-11T03:29:49+00:00","article_modified_time":"2026-02-16T12:07:22+00:00","og_image":[{"url":"https:\/\/comitedebioetica.isciii.es\/wp-content\/uploads\/2026\/02\/Maria-Jose-Buitrago.png","type":"","width":"","height":""}],"author":"admin.bioetica","twitter_card":"summary_large_image","twitter_misc":{"Written by":"admin.bioetica","Est. reading time":"2 minutes"},"schema":{"@context":"https:\/\/schema.org","@graph":[{"@type":"Article","@id":"https:\/\/comitedebioetica.isciii.es\/dona-maria-jose-buitrago\/#article","isPartOf":{"@id":"https:\/\/comitedebioetica.isciii.es\/dona-maria-jose-buitrago\/"},"author":{"name":"admin.bioetica","@id":"https:\/\/comitedebioetica.isciii.es\/#\/schema\/person\/5d6ef056ec489c286588b38dfdd8ba9f"},"headline":"Do\u00f1a Mar\u00eda Jos\u00e9 Buitrago","datePublished":"2023-10-11T03:29:49+00:00","dateModified":"2026-02-16T12:07:22+00:00","mainEntityOfPage":{"@id":"https:\/\/comitedebioetica.isciii.es\/dona-maria-jose-buitrago\/"},"wordCount":215,"publisher":{"@id":"https:\/\/comitedebioetica.isciii.es\/#organization"},"image":{"@id":"https:\/\/comitedebioetica.isciii.es\/dona-maria-jose-buitrago\/#primaryimage"},"thumbnailUrl":"https:\/\/comitedebioetica.isciii.es\/wp-content\/uploads\/2026\/02\/Maria-Jose-Buitrago.png","articleSection":["Composici\u00f3n"],"inLanguage":"en-US"},{"@type":"WebPage","@id":"https:\/\/comitedebioetica.isciii.es\/dona-maria-jose-buitrago\/","url":"https:\/\/comitedebioetica.isciii.es\/dona-maria-jose-buitrago\/","name":"Do\u00f1a Mar\u00eda Jos\u00e9 Buitrago - COMIT\u00c9 DE BIO\u00c9TICA DE ESPA\u00d1A","isPartOf":{"@id":"https:\/\/comitedebioetica.isciii.es\/#website"},"primaryImageOfPage":{"@id":"https:\/\/comitedebioetica.isciii.es\/dona-maria-jose-buitrago\/#primaryimage"},"image":{"@id":"https:\/\/comitedebioetica.isciii.es\/dona-maria-jose-buitrago\/#primaryimage"},"thumbnailUrl":"https:\/\/comitedebioetica.isciii.es\/wp-content\/uploads\/2026\/02\/Maria-Jose-Buitrago.png","datePublished":"2023-10-11T03:29:49+00:00","dateModified":"2026-02-16T12:07:22+00:00","breadcrumb":{"@id":"https:\/\/comitedebioetica.isciii.es\/dona-maria-jose-buitrago\/#breadcrumb"},"inLanguage":"en-US","potentialAction":[{"@type":"ReadAction","target":["https:\/\/comitedebioetica.isciii.es\/dona-maria-jose-buitrago\/"]}]},{"@type":"ImageObject","inLanguage":"en-US","@id":"https:\/\/comitedebioetica.isciii.es\/dona-maria-jose-buitrago\/#primaryimage","url":"https:\/\/comitedebioetica.isciii.es\/wp-content\/uploads\/2026\/02\/Maria-Jose-Buitrago.png","contentUrl":"https:\/\/comitedebioetica.isciii.es\/wp-content\/uploads\/2026\/02\/Maria-Jose-Buitrago.png"},{"@type":"BreadcrumbList","@id":"https:\/\/comitedebioetica.isciii.es\/dona-maria-jose-buitrago\/#breadcrumb","itemListElement":[{"@type":"ListItem","position":1,"name":"Portada","item":"https:\/\/comitedebioetica.isciii.es\/"},{"@type":"ListItem","position":2,"name":"Do\u00f1a Mar\u00eda Jos\u00e9 Buitrago"}]},{"@type":"WebSite","@id":"https:\/\/comitedebioetica.isciii.es\/#website","url":"https:\/\/comitedebioetica.isciii.es\/","name":"COMIT\u00c9 DE BIO\u00c9TICA DE ESPA\u00d1A","description":"Web oficial del Comit\u00e9 de Bio\u00e9tica de Espa\u00f1a, documentos, legislaci\u00f3n y resoluciones, opiniones sobre temas actuales y relevantes","publisher":{"@id":"https:\/\/comitedebioetica.isciii.es\/#organization"},"potentialAction":[{"@type":"SearchAction","target":{"@type":"EntryPoint","urlTemplate":"https:\/\/comitedebioetica.isciii.es\/?s={search_term_string}"},"query-input":{"@type":"PropertyValueSpecification","valueRequired":true,"valueName":"search_term_string"}}],"inLanguage":"en-US"},{"@type":"Organization","@id":"https:\/\/comitedebioetica.isciii.es\/#organization","name":"COMIT\u00c9 DE BIO\u00c9TICA DE ESPA\u00d1A","url":"https:\/\/comitedebioetica.isciii.es\/","logo":{"@type":"ImageObject","inLanguage":"en-US","@id":"https:\/\/comitedebioetica.isciii.es\/#\/schema\/logo\/image\/","url":"https:\/\/comitedebioetica.isciii.es\/wp-content\/uploads\/2023\/10\/LOGO-COMITE-BIOETICA-ESPANA.png","contentUrl":"https:\/\/comitedebioetica.isciii.es\/wp-content\/uploads\/2023\/10\/LOGO-COMITE-BIOETICA-ESPANA.png","width":250,"height":127,"caption":"COMIT\u00c9 DE BIO\u00c9TICA DE ESPA\u00d1A"},"image":{"@id":"https:\/\/comitedebioetica.isciii.es\/#\/schema\/logo\/image\/"}},{"@type":"Person","@id":"https:\/\/comitedebioetica.isciii.es\/#\/schema\/person\/5d6ef056ec489c286588b38dfdd8ba9f","name":"admin.bioetica","image":{"@type":"ImageObject","inLanguage":"en-US","@id":"https:\/\/secure.gravatar.com\/avatar\/0d0d19fc26d1ce974ea5ca2f1b0d384290cf2a87401ce9ea6965be09a42386b0?s=96&d=mm&r=g","url":"https:\/\/secure.gravatar.com\/avatar\/0d0d19fc26d1ce974ea5ca2f1b0d384290cf2a87401ce9ea6965be09a42386b0?s=96&d=mm&r=g","contentUrl":"https:\/\/secure.gravatar.com\/avatar\/0d0d19fc26d1ce974ea5ca2f1b0d384290cf2a87401ce9ea6965be09a42386b0?s=96&d=mm&r=g","caption":"admin.bioetica"},"sameAs":["https:\/\/comitedebioetica.isciii.es"],"url":"https:\/\/comitedebioetica.isciii.es\/en\/author\/admin-bioetica\/"}]}},"_links":{"self":[{"href":"https:\/\/comitedebioetica.isciii.es\/en\/wp-json\/wp\/v2\/posts\/1742","targetHints":{"allow":["GET"]}}],"collection":[{"href":"https:\/\/comitedebioetica.isciii.es\/en\/wp-json\/wp\/v2\/posts"}],"about":[{"href":"https:\/\/comitedebioetica.isciii.es\/en\/wp-json\/wp\/v2\/types\/post"}],"author":[{"embeddable":true,"href":"https:\/\/comitedebioetica.isciii.es\/en\/wp-json\/wp\/v2\/users\/1"}],"replies":[{"embeddable":true,"href":"https:\/\/comitedebioetica.isciii.es\/en\/wp-json\/wp\/v2\/comments?post=1742"}],"version-history":[{"count":33,"href":"https:\/\/comitedebioetica.isciii.es\/en\/wp-json\/wp\/v2\/posts\/1742\/revisions"}],"predecessor-version":[{"id":3270,"href":"https:\/\/comitedebioetica.isciii.es\/en\/wp-json\/wp\/v2\/posts\/1742\/revisions\/3270"}],"wp:attachment":[{"href":"https:\/\/comitedebioetica.isciii.es\/en\/wp-json\/wp\/v2\/media?parent=1742"}],"wp:term":[{"taxonomy":"category","embeddable":true,"href":"https:\/\/comitedebioetica.isciii.es\/en\/wp-json\/wp\/v2\/categories?post=1742"},{"taxonomy":"post_tag","embeddable":true,"href":"https:\/\/comitedebioetica.isciii.es\/en\/wp-json\/wp\/v2\/tags?post=1742"}],"curies":[{"name":"wp","href":"https:\/\/api.w.org\/{rel}","templated":true}]}}