{"id":1737,"date":"2023-10-11T05:24:03","date_gmt":"2023-10-11T03:24:03","guid":{"rendered":"https:\/\/comitedebioetica.isciii.es\/?p=1737"},"modified":"2023-10-11T05:24:26","modified_gmt":"2023-10-11T03:24:26","slug":"don-jose-antonio-seoane-rodriguez","status":"publish","type":"post","link":"https:\/\/comitedebioetica.isciii.es\/en\/don-jose-antonio-seoane-rodriguez\/","title":{"rendered":"Don Jos\u00e9 Antonio Seoane Rodr\u00edguez"},"content":{"rendered":"\t\t<div data-elementor-type=\"wp-post\" data-elementor-id=\"1737\" class=\"elementor elementor-1737\" data-elementor-post-type=\"post\">\n\t\t\t\t<div class=\"elementor-element elementor-element-1e6604c1 e-con-full e-flex e-con e-parent\" data-id=\"1e6604c1\" data-element_type=\"container\" data-e-type=\"container\">\n\t\t\t\t<div class=\"elementor-element elementor-element-6c09790 elementor-widget elementor-widget-template\" data-id=\"6c09790\" data-element_type=\"widget\" data-e-type=\"widget\" data-widget_type=\"template.default\">\n\t\t\t\t<div class=\"elementor-widget-container\">\n\t\t\t\t\t\t\t<div class=\"elementor-template\">\n\t\t\t\t\t<div data-elementor-type=\"section\" data-elementor-id=\"1315\" class=\"elementor elementor-1315\" data-elementor-post-type=\"elementor_library\">\n\t\t\t<div class=\"elementor-element elementor-element-5dddb021 e-con-full e-flex e-con e-parent\" data-id=\"5dddb021\" data-element_type=\"container\" data-e-type=\"container\" data-settings=\"{&quot;background_background&quot;:&quot;classic&quot;}\">\n\t\t\t\t<div class=\"elementor-element elementor-element-507d4713 elementor-widget elementor-widget-heading\" data-id=\"507d4713\" data-element_type=\"widget\" data-e-type=\"widget\" data-widget_type=\"heading.default\">\n\t\t\t\t<div class=\"elementor-widget-container\">\n\t\t\t\t\t<h1 class=\"elementor-heading-title elementor-size-default\">COMIT\u00c9 BIO\u00c9TICA DE ESPA\u00d1A<\/h1>\t\t\t\t<\/div>\n\t\t\t\t<\/div>\n\t\t\t\t<div class=\"elementor-element elementor-element-32763019 elementor-widget elementor-widget-heading\" data-id=\"32763019\" data-element_type=\"widget\" data-e-type=\"widget\" data-widget_type=\"heading.default\">\n\t\t\t\t<div class=\"elementor-widget-container\">\n\t\t\t\t\t<h2 class=\"elementor-heading-title elementor-size-default\">Don Jos\u00e9 Antonio Seoane Rodr\u00edguez<\/h2>\t\t\t\t<\/div>\n\t\t\t\t<\/div>\n\t\t\t\t<\/div>\n\t\t<div class=\"elementor-element elementor-element-5c58cfdb e-con-full e-flex e-con e-parent\" data-id=\"5c58cfdb\" data-element_type=\"container\" data-e-type=\"container\">\n\t\t\t\t<div class=\"elementor-element elementor-element-6e424000 elementor-nav-menu__align-start elementor-nav-menu--dropdown-none elementor-widget__width-inherit elementor-widget elementor-widget-nav-menu\" data-id=\"6e424000\" data-element_type=\"widget\" data-e-type=\"widget\" data-settings=\"{&quot;layout&quot;:&quot;horizontal&quot;,&quot;submenu_icon&quot;:{&quot;value&quot;:&quot;&lt;i class=\\&quot;fas fa-caret-down\\&quot; aria-hidden=\\&quot;true\\&quot;&gt;&lt;\\\/i&gt;&quot;,&quot;library&quot;:&quot;fa-solid&quot;}}\" data-widget_type=\"nav-menu.default\">\n\t\t\t\t<div class=\"elementor-widget-container\">\n\t\t\t\t\t\t\t\t<nav aria-label=\"Menu\" class=\"elementor-nav-menu--main elementor-nav-menu__container elementor-nav-menu--layout-horizontal e--pointer-underline e--animation-fade\">\n\t\t\t\t<ul id=\"menu-1-6e424000\" class=\"elementor-nav-menu\"><li class=\"menu-item menu-item-type-post_type menu-item-object-page menu-item-2333\"><a href=\"https:\/\/comitedebioetica.isciii.es\/en\/composition\/\" class=\"elementor-item\">Composition<\/a><\/li>\n<li class=\"menu-item menu-item-type-post_type menu-item-object-page menu-item-2334\"><a href=\"https:\/\/comitedebioetica.isciii.es\/en\/organization-and-competencies\/\" class=\"elementor-item\">Organization and competencies<\/a><\/li>\n<li class=\"menu-item menu-item-type-post_type menu-item-object-page menu-item-2335\"><a href=\"https:\/\/comitedebioetica.isciii.es\/en\/legal-regime\/\" class=\"elementor-item\">Legal Regime<\/a><\/li>\n<li class=\"menu-item menu-item-type-post_type menu-item-object-page menu-item-2336\"><a href=\"https:\/\/comitedebioetica.isciii.es\/en\/historical\/\" class=\"elementor-item\">Historical<\/a><\/li>\n<li class=\"menu-item menu-item-type-post_type menu-item-object-page menu-item-2337\"><a href=\"https:\/\/comitedebioetica.isciii.es\/en\/photo-gallery\/\" class=\"elementor-item\">Photo gallery<\/a><\/li>\n<\/ul>\t\t\t<\/nav>\n\t\t\t\t\t\t<nav class=\"elementor-nav-menu--dropdown elementor-nav-menu__container\" aria-hidden=\"true\">\n\t\t\t\t<ul id=\"menu-2-6e424000\" class=\"elementor-nav-menu\"><li class=\"menu-item menu-item-type-post_type menu-item-object-page menu-item-2333\"><a href=\"https:\/\/comitedebioetica.isciii.es\/en\/composition\/\" class=\"elementor-item\" tabindex=\"-1\">Composition<\/a><\/li>\n<li class=\"menu-item menu-item-type-post_type menu-item-object-page menu-item-2334\"><a href=\"https:\/\/comitedebioetica.isciii.es\/en\/organization-and-competencies\/\" class=\"elementor-item\" tabindex=\"-1\">Organization and competencies<\/a><\/li>\n<li class=\"menu-item menu-item-type-post_type menu-item-object-page menu-item-2335\"><a href=\"https:\/\/comitedebioetica.isciii.es\/en\/legal-regime\/\" class=\"elementor-item\" tabindex=\"-1\">Legal Regime<\/a><\/li>\n<li class=\"menu-item menu-item-type-post_type menu-item-object-page menu-item-2336\"><a href=\"https:\/\/comitedebioetica.isciii.es\/en\/historical\/\" class=\"elementor-item\" tabindex=\"-1\">Historical<\/a><\/li>\n<li class=\"menu-item menu-item-type-post_type menu-item-object-page menu-item-2337\"><a href=\"https:\/\/comitedebioetica.isciii.es\/en\/photo-gallery\/\" class=\"elementor-item\" tabindex=\"-1\">Photo gallery<\/a><\/li>\n<\/ul>\t\t\t<\/nav>\n\t\t\t\t\t\t<\/div>\n\t\t\t\t<\/div>\n\t\t\t\t<\/div>\n\t\t\t\t<\/div>\n\t\t\t\t<\/div>\n\t\t\t\t\t\t<\/div>\n\t\t\t\t<\/div>\n\t\t\t\t<\/div>\n\t\t<div class=\"elementor-element elementor-element-1ebe904 e-flex e-con-boxed e-con e-parent\" data-id=\"1ebe904\" data-element_type=\"container\" data-e-type=\"container\">\n\t\t\t\t\t<div class=\"e-con-inner\">\n\t\t<div class=\"elementor-element elementor-element-6e01590a e-con-full e-flex e-con e-child\" data-id=\"6e01590a\" data-element_type=\"container\" data-e-type=\"container\">\n\t\t\t\t<div class=\"elementor-element elementor-element-6109e96c elementor-widget elementor-widget-text-editor\" data-id=\"6109e96c\" data-element_type=\"widget\" data-e-type=\"widget\" data-widget_type=\"text-editor.default\">\n\t\t\t\t<div class=\"elementor-widget-container\">\n\t\t\t\t\t\t\t\t\t<p>Catedr\u00e1tico de Filosof\u00eda del Derecho (Universidade da Coru\u00f1a). Licenciado y Doctor en Derecho (Universidade da Coru\u00f1a) y Experto en Bio\u00e9tica sanitaria (Universidad Complutense de Madrid). Presidente del Grupo de Expertos de Bio\u00e9tica de la Organizaci\u00f3n Nacional de Trasplantes y miembro de la Comisi\u00f3n de Garant\u00eda y Evaluaci\u00f3n de la Eutanasia de la Comunidad Aut\u00f3noma de Galicia.<br \/>Fue presidente del Consello de Bio\u00e9tica de Galicia (2015-2019), presidente del Comit\u00e9 de \u00e9tica da investigaci\u00f3n e a docencia da Universidade da Coru\u00f1a (2017-2021), miembro de la Comisi\u00f3n deontol\u00f3gica y de \u00e9tica del Colegio Oficial de M\u00e9dicos de la provincia de A Coru\u00f1a (2012-2016), miembro del Consejo asesor del Sistema P\u00fablico de Salud de Galicia (2014-2016) y vocal del Comit\u00e9 de \u00e9tica asistencial del Complejo hospitalario universitario de A Coru\u00f1a (2002-2013).<br \/>Fue Decano de la Facultad de Derecho de la Universidade da Coru\u00f1a (2017-2021), coordinador acad\u00e9mico del Plan estrat\u00e9gico de formaci\u00f3n en Bio\u00e9tica: personal sanitario y personal de gesti\u00f3n y servicios de la Conseller\u00eda de Sanidad de la Xunta de Galicia (2017-2022) y coordinador de la formaci\u00f3n y creaci\u00f3n del Comit\u00e9 de \u00e9tica en intervenci\u00f3n social As Mari\u00f1as (2017-2019), primer \u00f3rgano de estas caracter\u00edsticas en la Comunidad Aut\u00f3noma de Galicia.<\/p>\t\t\t\t\t\t\t\t<\/div>\n\t\t\t\t<\/div>\n\t\t\t\t<\/div>\n\t\t<div class=\"elementor-element elementor-element-4d793ae0 e-con-full e-flex e-con e-child\" data-id=\"4d793ae0\" data-element_type=\"container\" data-e-type=\"container\">\n\t\t\t\t<div class=\"elementor-element elementor-element-5a4e6124 elementor-widget elementor-widget-image\" data-id=\"5a4e6124\" data-element_type=\"widget\" data-e-type=\"widget\" data-widget_type=\"image.default\">\n\t\t\t\t<div class=\"elementor-widget-container\">\n\t\t\t\t\t\t\t\t\t\t\t\t\t\t\t<img fetchpriority=\"high\" decoding=\"async\" width=\"275\" height=\"275\" src=\"https:\/\/comitedebioetica.isciii.es\/wp-content\/uploads\/2023\/10\/Jose\u0301-Antonio-SEOANE.jpg\" class=\"attachment-full size-full wp-image-312\" alt=\"\" srcset=\"https:\/\/comitedebioetica.isciii.es\/wp-content\/uploads\/2023\/10\/Jose\u0301-Antonio-SEOANE.jpg 275w, https:\/\/comitedebioetica.isciii.es\/wp-content\/uploads\/2023\/10\/Jose\u0301-Antonio-SEOANE-150x150.jpg 150w, https:\/\/comitedebioetica.isciii.es\/wp-content\/uploads\/2023\/10\/elementor\/thumbs\/Jose\u0301-Antonio-SEOANE-150x150.jpg 200w\" sizes=\"(max-width: 275px) 100vw, 275px\" \/>\t\t\t\t\t\t\t\t\t\t\t\t\t\t\t<\/div>\n\t\t\t\t<\/div>\n\t\t\t\t<div class=\"elementor-element elementor-element-18cdd6d5 elementor-widget elementor-widget-heading\" data-id=\"18cdd6d5\" data-element_type=\"widget\" data-e-type=\"widget\" data-widget_type=\"heading.default\">\n\t\t\t\t<div class=\"elementor-widget-container\">\n\t\t\t\t\t<span class=\"elementor-heading-title elementor-size-default\">Don Jos\u00e9 Antonio Seoane Rodr\u00edguez<\/span>\t\t\t\t<\/div>\n\t\t\t\t<\/div>\n\t\t\t\t<\/div>\n\t\t\t\t\t<\/div>\n\t\t\t\t<\/div>\n\t\t<div class=\"elementor-element elementor-element-7a45d69b e-flex e-con-boxed e-con e-parent\" data-id=\"7a45d69b\" data-element_type=\"container\" data-e-type=\"container\">\n\t\t\t\t\t<div class=\"e-con-inner\">\n\t\t\t\t<div class=\"elementor-element elementor-element-437c5511 elementor-widget elementor-widget-global elementor-global-1660 elementor-widget-button\" data-id=\"437c5511\" data-element_type=\"widget\" data-e-type=\"widget\" data-widget_type=\"button.default\">\n\t\t\t\t<div class=\"elementor-widget-container\">\n\t\t\t\t\t\t\t\t\t<div class=\"elementor-button-wrapper\">\n\t\t\t\t\t<a class=\"elementor-button elementor-button-link elementor-size-sm\" href=\"https:\/\/comitedebioetica.isciii.es\/composicion\/\">\n\t\t\t\t\t\t<span class=\"elementor-button-content-wrapper\">\n\t\t\t\t\t\t<span class=\"elementor-button-icon\">\n\t\t\t\t<i aria-hidden=\"true\" class=\"fas fa-arrow-left\"><\/i>\t\t\t<\/span>\n\t\t\t\t\t\t\t\t\t<span class=\"elementor-button-text\">Ir a composici\u00f3n<\/span>\n\t\t\t\t\t<\/span>\n\t\t\t\t\t<\/a>\n\t\t\t\t<\/div>\n\t\t\t\t\t\t\t\t<\/div>\n\t\t\t\t<\/div>\n\t\t\t\t\t<\/div>\n\t\t\t\t<\/div>\n\t\t\t\t<\/div>\n\t\t","protected":false},"excerpt":{"rendered":"<p>Catedr\u00e1tico de Filosof\u00eda del Derecho (Universidade da Coru\u00f1a). Licenciado y Doctor en Derecho (Universidade da Coru\u00f1a) y Experto en Bio\u00e9tica sanitaria (Universidad Complutense de Madrid). Presidente del Grupo de Expertos de Bio\u00e9tica de la Organizaci\u00f3n Nacional de Trasplantes y miembro de la Comisi\u00f3n de Garant\u00eda y Evaluaci\u00f3n de la Eutanasia de la Comunidad Aut\u00f3noma de [&hellip;]<\/p>\n","protected":false},"author":1,"featured_media":0,"comment_status":"closed","ping_status":"closed","sticky":false,"template":"","format":"standard","meta":{"_acf_changed":false,"footnotes":""},"categories":[18],"tags":[],"class_list":["post-1737","post","type-post","status-publish","format-standard","hentry","category-composicion"],"acf":[],"yoast_head":"<!-- This site is optimized with the Yoast SEO plugin v27.5 - https:\/\/yoast.com\/product\/yoast-seo-wordpress\/ -->\n<title>Don Jos\u00e9 Antonio Seoane Rodr\u00edguez - COMIT\u00c9 DE BIO\u00c9TICA DE ESPA\u00d1A<\/title>\n<meta name=\"robots\" content=\"index, follow, max-snippet:-1, max-image-preview:large, max-video-preview:-1\" \/>\n<link rel=\"canonical\" href=\"https:\/\/comitedebioetica.isciii.es\/don-jose-antonio-seoane-rodriguez\/\" \/>\n<meta property=\"og:locale\" content=\"en_US\" \/>\n<meta property=\"og:type\" content=\"article\" \/>\n<meta property=\"og:title\" content=\"Don Jos\u00e9 Antonio Seoane Rodr\u00edguez - COMIT\u00c9 DE BIO\u00c9TICA DE ESPA\u00d1A\" \/>\n<meta property=\"og:description\" content=\"Catedr\u00e1tico de Filosof\u00eda del Derecho (Universidade da Coru\u00f1a). Licenciado y Doctor en Derecho (Universidade da Coru\u00f1a) y Experto en Bio\u00e9tica sanitaria (Universidad Complutense de Madrid). Presidente del Grupo de Expertos de Bio\u00e9tica de la Organizaci\u00f3n Nacional de Trasplantes y miembro de la Comisi\u00f3n de Garant\u00eda y Evaluaci\u00f3n de la Eutanasia de la Comunidad Aut\u00f3noma de [&hellip;]\" \/>\n<meta property=\"og:url\" content=\"https:\/\/comitedebioetica.isciii.es\/don-jose-antonio-seoane-rodriguez\/\" \/>\n<meta property=\"og:site_name\" content=\"COMIT\u00c9 DE BIO\u00c9TICA DE ESPA\u00d1A\" \/>\n<meta property=\"article:published_time\" content=\"2023-10-11T03:24:03+00:00\" \/>\n<meta property=\"article:modified_time\" content=\"2023-10-11T03:24:26+00:00\" \/>\n<meta name=\"author\" content=\"admin.bioetica\" \/>\n<meta name=\"twitter:card\" content=\"summary_large_image\" \/>\n<meta name=\"twitter:label1\" content=\"Written by\" \/>\n\t<meta name=\"twitter:data1\" content=\"admin.bioetica\" \/>\n\t<meta name=\"twitter:label2\" content=\"Est. reading time\" \/>\n\t<meta name=\"twitter:data2\" content=\"1 minute\" \/>\n<script type=\"application\/ld+json\" class=\"yoast-schema-graph\">{\"@context\":\"https:\\\/\\\/schema.org\",\"@graph\":[{\"@type\":\"Article\",\"@id\":\"https:\\\/\\\/comitedebioetica.isciii.es\\\/don-jose-antonio-seoane-rodriguez\\\/#article\",\"isPartOf\":{\"@id\":\"https:\\\/\\\/comitedebioetica.isciii.es\\\/don-jose-antonio-seoane-rodriguez\\\/\"},\"author\":{\"name\":\"admin.bioetica\",\"@id\":\"https:\\\/\\\/comitedebioetica.isciii.es\\\/#\\\/schema\\\/person\\\/5d6ef056ec489c286588b38dfdd8ba9f\"},\"headline\":\"Don Jos\u00e9 Antonio Seoane Rodr\u00edguez\",\"datePublished\":\"2023-10-11T03:24:03+00:00\",\"dateModified\":\"2023-10-11T03:24:26+00:00\",\"mainEntityOfPage\":{\"@id\":\"https:\\\/\\\/comitedebioetica.isciii.es\\\/don-jose-antonio-seoane-rodriguez\\\/\"},\"wordCount\":239,\"publisher\":{\"@id\":\"https:\\\/\\\/comitedebioetica.isciii.es\\\/#organization\"},\"articleSection\":[\"Composici\u00f3n\"],\"inLanguage\":\"en-US\"},{\"@type\":\"WebPage\",\"@id\":\"https:\\\/\\\/comitedebioetica.isciii.es\\\/don-jose-antonio-seoane-rodriguez\\\/\",\"url\":\"https:\\\/\\\/comitedebioetica.isciii.es\\\/don-jose-antonio-seoane-rodriguez\\\/\",\"name\":\"Don Jos\u00e9 Antonio Seoane Rodr\u00edguez - COMIT\u00c9 DE BIO\u00c9TICA DE ESPA\u00d1A\",\"isPartOf\":{\"@id\":\"https:\\\/\\\/comitedebioetica.isciii.es\\\/#website\"},\"datePublished\":\"2023-10-11T03:24:03+00:00\",\"dateModified\":\"2023-10-11T03:24:26+00:00\",\"breadcrumb\":{\"@id\":\"https:\\\/\\\/comitedebioetica.isciii.es\\\/don-jose-antonio-seoane-rodriguez\\\/#breadcrumb\"},\"inLanguage\":\"en-US\",\"potentialAction\":[{\"@type\":\"ReadAction\",\"target\":[\"https:\\\/\\\/comitedebioetica.isciii.es\\\/don-jose-antonio-seoane-rodriguez\\\/\"]}]},{\"@type\":\"BreadcrumbList\",\"@id\":\"https:\\\/\\\/comitedebioetica.isciii.es\\\/don-jose-antonio-seoane-rodriguez\\\/#breadcrumb\",\"itemListElement\":[{\"@type\":\"ListItem\",\"position\":1,\"name\":\"Portada\",\"item\":\"https:\\\/\\\/comitedebioetica.isciii.es\\\/\"},{\"@type\":\"ListItem\",\"position\":2,\"name\":\"Don Jos\u00e9 Antonio Seoane Rodr\u00edguez\"}]},{\"@type\":\"WebSite\",\"@id\":\"https:\\\/\\\/comitedebioetica.isciii.es\\\/#website\",\"url\":\"https:\\\/\\\/comitedebioetica.isciii.es\\\/\",\"name\":\"COMIT\u00c9 DE BIO\u00c9TICA DE ESPA\u00d1A\",\"description\":\"Web oficial del Comit\u00e9 de Bio\u00e9tica de Espa\u00f1a, documentos, legislaci\u00f3n y resoluciones, opiniones sobre temas actuales y relevantes\",\"publisher\":{\"@id\":\"https:\\\/\\\/comitedebioetica.isciii.es\\\/#organization\"},\"potentialAction\":[{\"@type\":\"SearchAction\",\"target\":{\"@type\":\"EntryPoint\",\"urlTemplate\":\"https:\\\/\\\/comitedebioetica.isciii.es\\\/?s={search_term_string}\"},\"query-input\":{\"@type\":\"PropertyValueSpecification\",\"valueRequired\":true,\"valueName\":\"search_term_string\"}}],\"inLanguage\":\"en-US\"},{\"@type\":\"Organization\",\"@id\":\"https:\\\/\\\/comitedebioetica.isciii.es\\\/#organization\",\"name\":\"COMIT\u00c9 DE BIO\u00c9TICA DE ESPA\u00d1A\",\"url\":\"https:\\\/\\\/comitedebioetica.isciii.es\\\/\",\"logo\":{\"@type\":\"ImageObject\",\"inLanguage\":\"en-US\",\"@id\":\"https:\\\/\\\/comitedebioetica.isciii.es\\\/#\\\/schema\\\/logo\\\/image\\\/\",\"url\":\"https:\\\/\\\/comitedebioetica.isciii.es\\\/wp-content\\\/uploads\\\/2023\\\/10\\\/LOGO-COMITE-BIOETICA-ESPANA.png\",\"contentUrl\":\"https:\\\/\\\/comitedebioetica.isciii.es\\\/wp-content\\\/uploads\\\/2023\\\/10\\\/LOGO-COMITE-BIOETICA-ESPANA.png\",\"width\":250,\"height\":127,\"caption\":\"COMIT\u00c9 DE BIO\u00c9TICA DE ESPA\u00d1A\"},\"image\":{\"@id\":\"https:\\\/\\\/comitedebioetica.isciii.es\\\/#\\\/schema\\\/logo\\\/image\\\/\"}},{\"@type\":\"Person\",\"@id\":\"https:\\\/\\\/comitedebioetica.isciii.es\\\/#\\\/schema\\\/person\\\/5d6ef056ec489c286588b38dfdd8ba9f\",\"name\":\"admin.bioetica\",\"image\":{\"@type\":\"ImageObject\",\"inLanguage\":\"en-US\",\"@id\":\"https:\\\/\\\/secure.gravatar.com\\\/avatar\\\/0d0d19fc26d1ce974ea5ca2f1b0d384290cf2a87401ce9ea6965be09a42386b0?s=96&d=mm&r=g\",\"url\":\"https:\\\/\\\/secure.gravatar.com\\\/avatar\\\/0d0d19fc26d1ce974ea5ca2f1b0d384290cf2a87401ce9ea6965be09a42386b0?s=96&d=mm&r=g\",\"contentUrl\":\"https:\\\/\\\/secure.gravatar.com\\\/avatar\\\/0d0d19fc26d1ce974ea5ca2f1b0d384290cf2a87401ce9ea6965be09a42386b0?s=96&d=mm&r=g\",\"caption\":\"admin.bioetica\"},\"sameAs\":[\"https:\\\/\\\/comitedebioetica.isciii.es\"],\"url\":\"https:\\\/\\\/comitedebioetica.isciii.es\\\/en\\\/author\\\/admin-bioetica\\\/\"}]}<\/script>\n<!-- \/ Yoast SEO plugin. -->","yoast_head_json":{"title":"Don Jos\u00e9 Antonio Seoane Rodr\u00edguez - COMIT\u00c9 DE BIO\u00c9TICA DE ESPA\u00d1A","robots":{"index":"index","follow":"follow","max-snippet":"max-snippet:-1","max-image-preview":"max-image-preview:large","max-video-preview":"max-video-preview:-1"},"canonical":"https:\/\/comitedebioetica.isciii.es\/don-jose-antonio-seoane-rodriguez\/","og_locale":"en_US","og_type":"article","og_title":"Don Jos\u00e9 Antonio Seoane Rodr\u00edguez - COMIT\u00c9 DE BIO\u00c9TICA DE ESPA\u00d1A","og_description":"Catedr\u00e1tico de Filosof\u00eda del Derecho (Universidade da Coru\u00f1a). Licenciado y Doctor en Derecho (Universidade da Coru\u00f1a) y Experto en Bio\u00e9tica sanitaria (Universidad Complutense de Madrid). Presidente del Grupo de Expertos de Bio\u00e9tica de la Organizaci\u00f3n Nacional de Trasplantes y miembro de la Comisi\u00f3n de Garant\u00eda y Evaluaci\u00f3n de la Eutanasia de la Comunidad Aut\u00f3noma de [&hellip;]","og_url":"https:\/\/comitedebioetica.isciii.es\/don-jose-antonio-seoane-rodriguez\/","og_site_name":"COMIT\u00c9 DE BIO\u00c9TICA DE ESPA\u00d1A","article_published_time":"2023-10-11T03:24:03+00:00","article_modified_time":"2023-10-11T03:24:26+00:00","author":"admin.bioetica","twitter_card":"summary_large_image","twitter_misc":{"Written by":"admin.bioetica","Est. reading time":"1 minute"},"schema":{"@context":"https:\/\/schema.org","@graph":[{"@type":"Article","@id":"https:\/\/comitedebioetica.isciii.es\/don-jose-antonio-seoane-rodriguez\/#article","isPartOf":{"@id":"https:\/\/comitedebioetica.isciii.es\/don-jose-antonio-seoane-rodriguez\/"},"author":{"name":"admin.bioetica","@id":"https:\/\/comitedebioetica.isciii.es\/#\/schema\/person\/5d6ef056ec489c286588b38dfdd8ba9f"},"headline":"Don Jos\u00e9 Antonio Seoane Rodr\u00edguez","datePublished":"2023-10-11T03:24:03+00:00","dateModified":"2023-10-11T03:24:26+00:00","mainEntityOfPage":{"@id":"https:\/\/comitedebioetica.isciii.es\/don-jose-antonio-seoane-rodriguez\/"},"wordCount":239,"publisher":{"@id":"https:\/\/comitedebioetica.isciii.es\/#organization"},"articleSection":["Composici\u00f3n"],"inLanguage":"en-US"},{"@type":"WebPage","@id":"https:\/\/comitedebioetica.isciii.es\/don-jose-antonio-seoane-rodriguez\/","url":"https:\/\/comitedebioetica.isciii.es\/don-jose-antonio-seoane-rodriguez\/","name":"Don Jos\u00e9 Antonio Seoane Rodr\u00edguez - COMIT\u00c9 DE BIO\u00c9TICA DE ESPA\u00d1A","isPartOf":{"@id":"https:\/\/comitedebioetica.isciii.es\/#website"},"datePublished":"2023-10-11T03:24:03+00:00","dateModified":"2023-10-11T03:24:26+00:00","breadcrumb":{"@id":"https:\/\/comitedebioetica.isciii.es\/don-jose-antonio-seoane-rodriguez\/#breadcrumb"},"inLanguage":"en-US","potentialAction":[{"@type":"ReadAction","target":["https:\/\/comitedebioetica.isciii.es\/don-jose-antonio-seoane-rodriguez\/"]}]},{"@type":"BreadcrumbList","@id":"https:\/\/comitedebioetica.isciii.es\/don-jose-antonio-seoane-rodriguez\/#breadcrumb","itemListElement":[{"@type":"ListItem","position":1,"name":"Portada","item":"https:\/\/comitedebioetica.isciii.es\/"},{"@type":"ListItem","position":2,"name":"Don Jos\u00e9 Antonio Seoane Rodr\u00edguez"}]},{"@type":"WebSite","@id":"https:\/\/comitedebioetica.isciii.es\/#website","url":"https:\/\/comitedebioetica.isciii.es\/","name":"COMIT\u00c9 DE BIO\u00c9TICA DE ESPA\u00d1A","description":"Web oficial del Comit\u00e9 de Bio\u00e9tica de Espa\u00f1a, documentos, legislaci\u00f3n y resoluciones, opiniones sobre temas actuales y relevantes","publisher":{"@id":"https:\/\/comitedebioetica.isciii.es\/#organization"},"potentialAction":[{"@type":"SearchAction","target":{"@type":"EntryPoint","urlTemplate":"https:\/\/comitedebioetica.isciii.es\/?s={search_term_string}"},"query-input":{"@type":"PropertyValueSpecification","valueRequired":true,"valueName":"search_term_string"}}],"inLanguage":"en-US"},{"@type":"Organization","@id":"https:\/\/comitedebioetica.isciii.es\/#organization","name":"COMIT\u00c9 DE BIO\u00c9TICA DE ESPA\u00d1A","url":"https:\/\/comitedebioetica.isciii.es\/","logo":{"@type":"ImageObject","inLanguage":"en-US","@id":"https:\/\/comitedebioetica.isciii.es\/#\/schema\/logo\/image\/","url":"https:\/\/comitedebioetica.isciii.es\/wp-content\/uploads\/2023\/10\/LOGO-COMITE-BIOETICA-ESPANA.png","contentUrl":"https:\/\/comitedebioetica.isciii.es\/wp-content\/uploads\/2023\/10\/LOGO-COMITE-BIOETICA-ESPANA.png","width":250,"height":127,"caption":"COMIT\u00c9 DE BIO\u00c9TICA DE ESPA\u00d1A"},"image":{"@id":"https:\/\/comitedebioetica.isciii.es\/#\/schema\/logo\/image\/"}},{"@type":"Person","@id":"https:\/\/comitedebioetica.isciii.es\/#\/schema\/person\/5d6ef056ec489c286588b38dfdd8ba9f","name":"admin.bioetica","image":{"@type":"ImageObject","inLanguage":"en-US","@id":"https:\/\/secure.gravatar.com\/avatar\/0d0d19fc26d1ce974ea5ca2f1b0d384290cf2a87401ce9ea6965be09a42386b0?s=96&d=mm&r=g","url":"https:\/\/secure.gravatar.com\/avatar\/0d0d19fc26d1ce974ea5ca2f1b0d384290cf2a87401ce9ea6965be09a42386b0?s=96&d=mm&r=g","contentUrl":"https:\/\/secure.gravatar.com\/avatar\/0d0d19fc26d1ce974ea5ca2f1b0d384290cf2a87401ce9ea6965be09a42386b0?s=96&d=mm&r=g","caption":"admin.bioetica"},"sameAs":["https:\/\/comitedebioetica.isciii.es"],"url":"https:\/\/comitedebioetica.isciii.es\/en\/author\/admin-bioetica\/"}]}},"_links":{"self":[{"href":"https:\/\/comitedebioetica.isciii.es\/en\/wp-json\/wp\/v2\/posts\/1737","targetHints":{"allow":["GET"]}}],"collection":[{"href":"https:\/\/comitedebioetica.isciii.es\/en\/wp-json\/wp\/v2\/posts"}],"about":[{"href":"https:\/\/comitedebioetica.isciii.es\/en\/wp-json\/wp\/v2\/types\/post"}],"author":[{"embeddable":true,"href":"https:\/\/comitedebioetica.isciii.es\/en\/wp-json\/wp\/v2\/users\/1"}],"replies":[{"embeddable":true,"href":"https:\/\/comitedebioetica.isciii.es\/en\/wp-json\/wp\/v2\/comments?post=1737"}],"version-history":[{"count":4,"href":"https:\/\/comitedebioetica.isciii.es\/en\/wp-json\/wp\/v2\/posts\/1737\/revisions"}],"predecessor-version":[{"id":1741,"href":"https:\/\/comitedebioetica.isciii.es\/en\/wp-json\/wp\/v2\/posts\/1737\/revisions\/1741"}],"wp:attachment":[{"href":"https:\/\/comitedebioetica.isciii.es\/en\/wp-json\/wp\/v2\/media?parent=1737"}],"wp:term":[{"taxonomy":"category","embeddable":true,"href":"https:\/\/comitedebioetica.isciii.es\/en\/wp-json\/wp\/v2\/categories?post=1737"},{"taxonomy":"post_tag","embeddable":true,"href":"https:\/\/comitedebioetica.isciii.es\/en\/wp-json\/wp\/v2\/tags?post=1737"}],"curies":[{"name":"wp","href":"https:\/\/api.w.org\/{rel}","templated":true}]}}