{"id":1669,"date":"2023-10-11T04:51:27","date_gmt":"2023-10-11T02:51:27","guid":{"rendered":"https:\/\/comitedebioetica.isciii.es\/?p=1669"},"modified":"2024-11-15T14:14:04","modified_gmt":"2024-11-15T12:14:04","slug":"don-juan-carlos-siurana-aparisi","status":"publish","type":"post","link":"https:\/\/comitedebioetica.isciii.es\/en\/don-juan-carlos-siurana-aparisi\/","title":{"rendered":"Don Juan Carlos Siurana Aparisi"},"content":{"rendered":"\t\t<div data-elementor-type=\"wp-post\" data-elementor-id=\"1669\" class=\"elementor elementor-1669\" data-elementor-post-type=\"post\">\n\t\t\t\t<div class=\"elementor-element elementor-element-3158704e e-con-full e-flex e-con e-parent\" data-id=\"3158704e\" data-element_type=\"container\" data-e-type=\"container\">\n\t\t\t\t<div class=\"elementor-element elementor-element-61509d41 elementor-widget elementor-widget-template\" data-id=\"61509d41\" data-element_type=\"widget\" data-e-type=\"widget\" data-widget_type=\"template.default\">\n\t\t\t\t<div class=\"elementor-widget-container\">\n\t\t\t\t\t\t\t<div class=\"elementor-template\">\n\t\t\t\t\t<div data-elementor-type=\"section\" data-elementor-id=\"1315\" class=\"elementor elementor-1315\" data-elementor-post-type=\"elementor_library\">\n\t\t\t<div class=\"elementor-element elementor-element-5dddb021 e-con-full e-flex e-con e-parent\" data-id=\"5dddb021\" data-element_type=\"container\" data-e-type=\"container\" data-settings=\"{&quot;background_background&quot;:&quot;classic&quot;}\">\n\t\t\t\t<div class=\"elementor-element elementor-element-507d4713 elementor-widget elementor-widget-heading\" data-id=\"507d4713\" data-element_type=\"widget\" data-e-type=\"widget\" data-widget_type=\"heading.default\">\n\t\t\t\t<div class=\"elementor-widget-container\">\n\t\t\t\t\t<h1 class=\"elementor-heading-title elementor-size-default\">COMIT\u00c9 BIO\u00c9TICA DE ESPA\u00d1A<\/h1>\t\t\t\t<\/div>\n\t\t\t\t<\/div>\n\t\t\t\t<div class=\"elementor-element elementor-element-32763019 elementor-widget elementor-widget-heading\" data-id=\"32763019\" data-element_type=\"widget\" data-e-type=\"widget\" data-widget_type=\"heading.default\">\n\t\t\t\t<div class=\"elementor-widget-container\">\n\t\t\t\t\t<h2 class=\"elementor-heading-title elementor-size-default\">Don Juan Carlos Siurana Aparisi<\/h2>\t\t\t\t<\/div>\n\t\t\t\t<\/div>\n\t\t\t\t<\/div>\n\t\t<div class=\"elementor-element elementor-element-5c58cfdb e-con-full e-flex e-con e-parent\" data-id=\"5c58cfdb\" data-element_type=\"container\" data-e-type=\"container\">\n\t\t\t\t<div class=\"elementor-element elementor-element-6e424000 elementor-nav-menu__align-start elementor-nav-menu--dropdown-none elementor-widget__width-inherit elementor-widget elementor-widget-nav-menu\" data-id=\"6e424000\" data-element_type=\"widget\" data-e-type=\"widget\" data-settings=\"{&quot;layout&quot;:&quot;horizontal&quot;,&quot;submenu_icon&quot;:{&quot;value&quot;:&quot;&lt;i class=\\&quot;fas fa-caret-down\\&quot; aria-hidden=\\&quot;true\\&quot;&gt;&lt;\\\/i&gt;&quot;,&quot;library&quot;:&quot;fa-solid&quot;}}\" data-widget_type=\"nav-menu.default\">\n\t\t\t\t<div class=\"elementor-widget-container\">\n\t\t\t\t\t\t\t\t<nav aria-label=\"Menu\" class=\"elementor-nav-menu--main elementor-nav-menu__container elementor-nav-menu--layout-horizontal e--pointer-underline e--animation-fade\">\n\t\t\t\t<ul id=\"menu-1-6e424000\" class=\"elementor-nav-menu\"><li class=\"menu-item menu-item-type-post_type menu-item-object-page menu-item-2333\"><a href=\"https:\/\/comitedebioetica.isciii.es\/en\/composition\/\" class=\"elementor-item\">Composition<\/a><\/li>\n<li class=\"menu-item menu-item-type-post_type menu-item-object-page menu-item-2334\"><a href=\"https:\/\/comitedebioetica.isciii.es\/en\/organization-and-competencies\/\" class=\"elementor-item\">Organization and competencies<\/a><\/li>\n<li class=\"menu-item menu-item-type-post_type menu-item-object-page menu-item-2335\"><a href=\"https:\/\/comitedebioetica.isciii.es\/en\/legal-regime\/\" class=\"elementor-item\">Legal Regime<\/a><\/li>\n<li class=\"menu-item menu-item-type-post_type menu-item-object-page menu-item-2336\"><a href=\"https:\/\/comitedebioetica.isciii.es\/en\/historical\/\" class=\"elementor-item\">Historical<\/a><\/li>\n<li class=\"menu-item menu-item-type-post_type menu-item-object-page menu-item-2337\"><a href=\"https:\/\/comitedebioetica.isciii.es\/en\/photo-gallery\/\" class=\"elementor-item\">Photo gallery<\/a><\/li>\n<\/ul>\t\t\t<\/nav>\n\t\t\t\t\t\t<nav class=\"elementor-nav-menu--dropdown elementor-nav-menu__container\" aria-hidden=\"true\">\n\t\t\t\t<ul id=\"menu-2-6e424000\" class=\"elementor-nav-menu\"><li class=\"menu-item menu-item-type-post_type menu-item-object-page menu-item-2333\"><a href=\"https:\/\/comitedebioetica.isciii.es\/en\/composition\/\" class=\"elementor-item\" tabindex=\"-1\">Composition<\/a><\/li>\n<li class=\"menu-item menu-item-type-post_type menu-item-object-page menu-item-2334\"><a href=\"https:\/\/comitedebioetica.isciii.es\/en\/organization-and-competencies\/\" class=\"elementor-item\" tabindex=\"-1\">Organization and competencies<\/a><\/li>\n<li class=\"menu-item menu-item-type-post_type menu-item-object-page menu-item-2335\"><a href=\"https:\/\/comitedebioetica.isciii.es\/en\/legal-regime\/\" class=\"elementor-item\" tabindex=\"-1\">Legal Regime<\/a><\/li>\n<li class=\"menu-item menu-item-type-post_type menu-item-object-page menu-item-2336\"><a href=\"https:\/\/comitedebioetica.isciii.es\/en\/historical\/\" class=\"elementor-item\" tabindex=\"-1\">Historical<\/a><\/li>\n<li class=\"menu-item menu-item-type-post_type menu-item-object-page menu-item-2337\"><a href=\"https:\/\/comitedebioetica.isciii.es\/en\/photo-gallery\/\" class=\"elementor-item\" tabindex=\"-1\">Photo gallery<\/a><\/li>\n<\/ul>\t\t\t<\/nav>\n\t\t\t\t\t\t<\/div>\n\t\t\t\t<\/div>\n\t\t\t\t<\/div>\n\t\t\t\t<\/div>\n\t\t\t\t<\/div>\n\t\t\t\t\t\t<\/div>\n\t\t\t\t<\/div>\n\t\t\t\t<\/div>\n\t\t<div class=\"elementor-element elementor-element-666079c5 e-con-full e-flex e-con e-parent\" data-id=\"666079c5\" data-element_type=\"container\" data-e-type=\"container\">\n\t\t<div class=\"elementor-element elementor-element-453effc3 e-con-full e-flex e-con e-child\" data-id=\"453effc3\" data-element_type=\"container\" data-e-type=\"container\">\n\t\t\t\t<div class=\"elementor-element elementor-element-2548b7fe elementor-widget elementor-widget-text-editor\" data-id=\"2548b7fe\" data-element_type=\"widget\" data-e-type=\"widget\" data-widget_type=\"text-editor.default\">\n\t\t\t\t<div class=\"elementor-widget-container\">\n\t\t\t\t\t\t\t\t\t<p>Doctor en Filosof\u00eda. Profesor Titular de Filosof\u00eda Moral en el Departamento de Filosof\u00eda de la Universitat de Val\u00e8ncia, donde coordina el Programa de Doctorado en \u00c9tica y Democracia y proyectos de investigaci\u00f3n en \u00e9ticas aplicadas. Director del Grupo de Investigaci\u00f3n en Bio\u00e9tica de la UV, Coordinador de la Red Iberoamericana de Grupos de Investigaci\u00f3n en Bio\u00e9tica y de congresos internacionales en esta materia. Investigador de la Fundaci\u00f3n \u00c9TNOR (Para la \u00c9tica de los Negocios y de las Organizaciones). <br \/>Ha sido miembro del Comit\u00e9 de Bio\u00e9tica Asistencial del Hospital Cl\u00ednico de Valencia, del Comit\u00e9 de \u00c9tica de la Investigaci\u00f3n en Humanos de la Universitat de Val\u00e8ncia, y del Comit\u00e9 de Bio\u00e9tica de la Comunidad Valenciana. Actualmente es presidente del Comit\u00e9 de \u00c9tica de los Servicios Sociales de la Comunidad Valenciana. Ha realizado estancias de investigaci\u00f3n en la Universidad de Francfort, el Hastings Center y la Universidad de Georgetown, entre otros centros de prestigio.<br \/>Es autor de los libros: Una br\u00fajula para la vida moral (2003), Voluntades anticipadas (2005), La sociedad \u00e9tica (2009), Los consejos de los fil\u00f3sofos (2011), \u00c9tica del humor (2015), Felicidad a golpe de autoayuda (2018), y \u00c9tica para influencers (2021).<\/p>\t\t\t\t\t\t\t\t<\/div>\n\t\t\t\t<\/div>\n\t\t\t\t<\/div>\n\t\t<div class=\"elementor-element elementor-element-4af41f16 e-con-full e-flex e-con e-child\" data-id=\"4af41f16\" data-element_type=\"container\" data-e-type=\"container\">\n\t\t\t\t<div class=\"elementor-element elementor-element-7882aca9 elementor-widget elementor-widget-image\" data-id=\"7882aca9\" data-element_type=\"widget\" data-e-type=\"widget\" data-widget_type=\"image.default\">\n\t\t\t\t<div class=\"elementor-widget-container\">\n\t\t\t\t\t\t\t\t\t\t\t\t\t\t\t<img fetchpriority=\"high\" decoding=\"async\" width=\"275\" height=\"275\" src=\"https:\/\/comitedebioetica.isciii.es\/wp-content\/uploads\/2023\/10\/JCSiurana-la-anterior.jpg\" class=\"attachment-full size-full wp-image-2265\" alt=\"\" srcset=\"https:\/\/comitedebioetica.isciii.es\/wp-content\/uploads\/2023\/10\/JCSiurana-la-anterior.jpg 275w, https:\/\/comitedebioetica.isciii.es\/wp-content\/uploads\/2023\/10\/JCSiurana-la-anterior-150x150.jpg 150w, https:\/\/comitedebioetica.isciii.es\/wp-content\/uploads\/2023\/10\/elementor\/thumbs\/JCSiurana-la-anterior-qdk4d9feo07kynmqd6gv2ej6tr1lp58ljs55iisma8.jpg 200w\" sizes=\"(max-width: 275px) 100vw, 275px\" \/>\t\t\t\t\t\t\t\t\t\t\t\t\t\t\t<\/div>\n\t\t\t\t<\/div>\n\t\t\t\t<div class=\"elementor-element elementor-element-17c8995b elementor-widget elementor-widget-heading\" data-id=\"17c8995b\" data-element_type=\"widget\" data-e-type=\"widget\" data-widget_type=\"heading.default\">\n\t\t\t\t<div class=\"elementor-widget-container\">\n\t\t\t\t\t<span class=\"elementor-heading-title elementor-size-default\">Don Juan Carlos Siurana Aparisi<\/span>\t\t\t\t<\/div>\n\t\t\t\t<\/div>\n\t\t\t\t<div class=\"elementor-element elementor-element-6a1e10a elementor-widget elementor-widget-heading\" data-id=\"6a1e10a\" data-element_type=\"widget\" data-e-type=\"widget\" data-widget_type=\"heading.default\">\n\t\t\t\t<div class=\"elementor-widget-container\">\n\t\t\t\t\t<span class=\"elementor-heading-title elementor-size-default\">Presidente<\/span>\t\t\t\t<\/div>\n\t\t\t\t<\/div>\n\t\t\t\t<\/div>\n\t\t\t\t<\/div>\n\t\t<div class=\"elementor-element elementor-element-38d02251 e-flex e-con-boxed e-con e-parent\" data-id=\"38d02251\" data-element_type=\"container\" data-e-type=\"container\">\n\t\t\t\t\t<div class=\"e-con-inner\">\n\t\t\t\t<div class=\"elementor-element elementor-element-443fe013 elementor-widget elementor-widget-global elementor-global-1660 elementor-widget-button\" data-id=\"443fe013\" data-element_type=\"widget\" data-e-type=\"widget\" data-widget_type=\"button.default\">\n\t\t\t\t<div class=\"elementor-widget-container\">\n\t\t\t\t\t\t\t\t\t<div class=\"elementor-button-wrapper\">\n\t\t\t\t\t<a class=\"elementor-button elementor-button-link elementor-size-sm\" href=\"https:\/\/comitedebioetica.isciii.es\/composicion\/\">\n\t\t\t\t\t\t<span class=\"elementor-button-content-wrapper\">\n\t\t\t\t\t\t<span class=\"elementor-button-icon\">\n\t\t\t\t<i aria-hidden=\"true\" class=\"fas fa-arrow-left\"><\/i>\t\t\t<\/span>\n\t\t\t\t\t\t\t\t\t<span class=\"elementor-button-text\">Ir a composici\u00f3n<\/span>\n\t\t\t\t\t<\/span>\n\t\t\t\t\t<\/a>\n\t\t\t\t<\/div>\n\t\t\t\t\t\t\t\t<\/div>\n\t\t\t\t<\/div>\n\t\t\t\t\t<\/div>\n\t\t\t\t<\/div>\n\t\t\t\t<\/div>\n\t\t","protected":false},"excerpt":{"rendered":"<p>Doctor en Filosof\u00eda. Profesor Titular de Filosof\u00eda Moral en el Departamento de Filosof\u00eda de la Universitat de Val\u00e8ncia, donde coordina el Programa de Doctorado en \u00c9tica y Democracia y proyectos de investigaci\u00f3n en \u00e9ticas aplicadas. Director del Grupo de Investigaci\u00f3n en Bio\u00e9tica de la UV, Coordinador de la Red Iberoamericana de Grupos de Investigaci\u00f3n en [&hellip;]<\/p>\n","protected":false},"author":1,"featured_media":0,"comment_status":"closed","ping_status":"closed","sticky":false,"template":"","format":"standard","meta":{"_acf_changed":false,"footnotes":""},"categories":[18],"tags":[],"class_list":["post-1669","post","type-post","status-publish","format-standard","hentry","category-composicion"],"acf":[],"yoast_head":"<!-- This site is optimized with the Yoast SEO plugin v27.5 - https:\/\/yoast.com\/product\/yoast-seo-wordpress\/ -->\n<title>Don Juan Carlos Siurana Aparisi - COMIT\u00c9 DE BIO\u00c9TICA DE ESPA\u00d1A<\/title>\n<meta name=\"robots\" content=\"index, follow, max-snippet:-1, max-image-preview:large, max-video-preview:-1\" \/>\n<link rel=\"canonical\" href=\"https:\/\/comitedebioetica.isciii.es\/don-juan-carlos-siurana-aparisi\/\" \/>\n<meta property=\"og:locale\" content=\"en_US\" \/>\n<meta property=\"og:type\" content=\"article\" \/>\n<meta property=\"og:title\" content=\"Don Juan Carlos Siurana Aparisi - COMIT\u00c9 DE BIO\u00c9TICA DE ESPA\u00d1A\" \/>\n<meta property=\"og:description\" content=\"Doctor en Filosof\u00eda. Profesor Titular de Filosof\u00eda Moral en el Departamento de Filosof\u00eda de la Universitat de Val\u00e8ncia, donde coordina el Programa de Doctorado en \u00c9tica y Democracia y proyectos de investigaci\u00f3n en \u00e9ticas aplicadas. Director del Grupo de Investigaci\u00f3n en Bio\u00e9tica de la UV, Coordinador de la Red Iberoamericana de Grupos de Investigaci\u00f3n en [&hellip;]\" \/>\n<meta property=\"og:url\" content=\"https:\/\/comitedebioetica.isciii.es\/don-juan-carlos-siurana-aparisi\/\" \/>\n<meta property=\"og:site_name\" content=\"COMIT\u00c9 DE BIO\u00c9TICA DE ESPA\u00d1A\" \/>\n<meta property=\"article:published_time\" content=\"2023-10-11T02:51:27+00:00\" \/>\n<meta property=\"article:modified_time\" content=\"2024-11-15T12:14:04+00:00\" \/>\n<meta property=\"og:image\" content=\"https:\/\/comitedebioetica.isciii.es\/wp-content\/uploads\/2023\/10\/JCSiurana-la-anterior.jpg\" \/>\n\t<meta property=\"og:image:width\" content=\"275\" \/>\n\t<meta property=\"og:image:height\" content=\"275\" \/>\n\t<meta property=\"og:image:type\" content=\"image\/jpeg\" \/>\n<meta name=\"author\" content=\"admin.bioetica\" \/>\n<meta name=\"twitter:card\" content=\"summary_large_image\" \/>\n<meta name=\"twitter:label1\" content=\"Written by\" \/>\n\t<meta name=\"twitter:data1\" content=\"admin.bioetica\" \/>\n\t<meta name=\"twitter:label2\" content=\"Est. reading time\" \/>\n\t<meta name=\"twitter:data2\" content=\"2 minutes\" \/>\n<script type=\"application\/ld+json\" class=\"yoast-schema-graph\">{\"@context\":\"https:\\\/\\\/schema.org\",\"@graph\":[{\"@type\":\"Article\",\"@id\":\"https:\\\/\\\/comitedebioetica.isciii.es\\\/don-juan-carlos-siurana-aparisi\\\/#article\",\"isPartOf\":{\"@id\":\"https:\\\/\\\/comitedebioetica.isciii.es\\\/don-juan-carlos-siurana-aparisi\\\/\"},\"author\":{\"name\":\"admin.bioetica\",\"@id\":\"https:\\\/\\\/comitedebioetica.isciii.es\\\/#\\\/schema\\\/person\\\/5d6ef056ec489c286588b38dfdd8ba9f\"},\"headline\":\"Don Juan Carlos Siurana Aparisi\",\"datePublished\":\"2023-10-11T02:51:27+00:00\",\"dateModified\":\"2024-11-15T12:14:04+00:00\",\"mainEntityOfPage\":{\"@id\":\"https:\\\/\\\/comitedebioetica.isciii.es\\\/don-juan-carlos-siurana-aparisi\\\/\"},\"wordCount\":213,\"publisher\":{\"@id\":\"https:\\\/\\\/comitedebioetica.isciii.es\\\/#organization\"},\"image\":{\"@id\":\"https:\\\/\\\/comitedebioetica.isciii.es\\\/don-juan-carlos-siurana-aparisi\\\/#primaryimage\"},\"thumbnailUrl\":\"https:\\\/\\\/comitedebioetica.isciii.es\\\/wp-content\\\/uploads\\\/2023\\\/10\\\/JCSiurana-la-anterior.jpg\",\"articleSection\":[\"Composici\u00f3n\"],\"inLanguage\":\"en-US\"},{\"@type\":\"WebPage\",\"@id\":\"https:\\\/\\\/comitedebioetica.isciii.es\\\/don-juan-carlos-siurana-aparisi\\\/\",\"url\":\"https:\\\/\\\/comitedebioetica.isciii.es\\\/don-juan-carlos-siurana-aparisi\\\/\",\"name\":\"Don Juan Carlos Siurana Aparisi - COMIT\u00c9 DE BIO\u00c9TICA DE ESPA\u00d1A\",\"isPartOf\":{\"@id\":\"https:\\\/\\\/comitedebioetica.isciii.es\\\/#website\"},\"primaryImageOfPage\":{\"@id\":\"https:\\\/\\\/comitedebioetica.isciii.es\\\/don-juan-carlos-siurana-aparisi\\\/#primaryimage\"},\"image\":{\"@id\":\"https:\\\/\\\/comitedebioetica.isciii.es\\\/don-juan-carlos-siurana-aparisi\\\/#primaryimage\"},\"thumbnailUrl\":\"https:\\\/\\\/comitedebioetica.isciii.es\\\/wp-content\\\/uploads\\\/2023\\\/10\\\/JCSiurana-la-anterior.jpg\",\"datePublished\":\"2023-10-11T02:51:27+00:00\",\"dateModified\":\"2024-11-15T12:14:04+00:00\",\"breadcrumb\":{\"@id\":\"https:\\\/\\\/comitedebioetica.isciii.es\\\/don-juan-carlos-siurana-aparisi\\\/#breadcrumb\"},\"inLanguage\":\"en-US\",\"potentialAction\":[{\"@type\":\"ReadAction\",\"target\":[\"https:\\\/\\\/comitedebioetica.isciii.es\\\/don-juan-carlos-siurana-aparisi\\\/\"]}]},{\"@type\":\"ImageObject\",\"inLanguage\":\"en-US\",\"@id\":\"https:\\\/\\\/comitedebioetica.isciii.es\\\/don-juan-carlos-siurana-aparisi\\\/#primaryimage\",\"url\":\"https:\\\/\\\/comitedebioetica.isciii.es\\\/wp-content\\\/uploads\\\/2023\\\/10\\\/JCSiurana-la-anterior.jpg\",\"contentUrl\":\"https:\\\/\\\/comitedebioetica.isciii.es\\\/wp-content\\\/uploads\\\/2023\\\/10\\\/JCSiurana-la-anterior.jpg\"},{\"@type\":\"BreadcrumbList\",\"@id\":\"https:\\\/\\\/comitedebioetica.isciii.es\\\/don-juan-carlos-siurana-aparisi\\\/#breadcrumb\",\"itemListElement\":[{\"@type\":\"ListItem\",\"position\":1,\"name\":\"Portada\",\"item\":\"https:\\\/\\\/comitedebioetica.isciii.es\\\/\"},{\"@type\":\"ListItem\",\"position\":2,\"name\":\"Don Juan Carlos Siurana Aparisi\"}]},{\"@type\":\"WebSite\",\"@id\":\"https:\\\/\\\/comitedebioetica.isciii.es\\\/#website\",\"url\":\"https:\\\/\\\/comitedebioetica.isciii.es\\\/\",\"name\":\"COMIT\u00c9 DE BIO\u00c9TICA DE ESPA\u00d1A\",\"description\":\"Web oficial del Comit\u00e9 de Bio\u00e9tica de Espa\u00f1a, documentos, legislaci\u00f3n y resoluciones, opiniones sobre temas actuales y relevantes\",\"publisher\":{\"@id\":\"https:\\\/\\\/comitedebioetica.isciii.es\\\/#organization\"},\"potentialAction\":[{\"@type\":\"SearchAction\",\"target\":{\"@type\":\"EntryPoint\",\"urlTemplate\":\"https:\\\/\\\/comitedebioetica.isciii.es\\\/?s={search_term_string}\"},\"query-input\":{\"@type\":\"PropertyValueSpecification\",\"valueRequired\":true,\"valueName\":\"search_term_string\"}}],\"inLanguage\":\"en-US\"},{\"@type\":\"Organization\",\"@id\":\"https:\\\/\\\/comitedebioetica.isciii.es\\\/#organization\",\"name\":\"COMIT\u00c9 DE BIO\u00c9TICA DE ESPA\u00d1A\",\"url\":\"https:\\\/\\\/comitedebioetica.isciii.es\\\/\",\"logo\":{\"@type\":\"ImageObject\",\"inLanguage\":\"en-US\",\"@id\":\"https:\\\/\\\/comitedebioetica.isciii.es\\\/#\\\/schema\\\/logo\\\/image\\\/\",\"url\":\"https:\\\/\\\/comitedebioetica.isciii.es\\\/wp-content\\\/uploads\\\/2023\\\/10\\\/LOGO-COMITE-BIOETICA-ESPANA.png\",\"contentUrl\":\"https:\\\/\\\/comitedebioetica.isciii.es\\\/wp-content\\\/uploads\\\/2023\\\/10\\\/LOGO-COMITE-BIOETICA-ESPANA.png\",\"width\":250,\"height\":127,\"caption\":\"COMIT\u00c9 DE BIO\u00c9TICA DE ESPA\u00d1A\"},\"image\":{\"@id\":\"https:\\\/\\\/comitedebioetica.isciii.es\\\/#\\\/schema\\\/logo\\\/image\\\/\"}},{\"@type\":\"Person\",\"@id\":\"https:\\\/\\\/comitedebioetica.isciii.es\\\/#\\\/schema\\\/person\\\/5d6ef056ec489c286588b38dfdd8ba9f\",\"name\":\"admin.bioetica\",\"image\":{\"@type\":\"ImageObject\",\"inLanguage\":\"en-US\",\"@id\":\"https:\\\/\\\/secure.gravatar.com\\\/avatar\\\/0d0d19fc26d1ce974ea5ca2f1b0d384290cf2a87401ce9ea6965be09a42386b0?s=96&d=mm&r=g\",\"url\":\"https:\\\/\\\/secure.gravatar.com\\\/avatar\\\/0d0d19fc26d1ce974ea5ca2f1b0d384290cf2a87401ce9ea6965be09a42386b0?s=96&d=mm&r=g\",\"contentUrl\":\"https:\\\/\\\/secure.gravatar.com\\\/avatar\\\/0d0d19fc26d1ce974ea5ca2f1b0d384290cf2a87401ce9ea6965be09a42386b0?s=96&d=mm&r=g\",\"caption\":\"admin.bioetica\"},\"sameAs\":[\"https:\\\/\\\/comitedebioetica.isciii.es\"],\"url\":\"https:\\\/\\\/comitedebioetica.isciii.es\\\/en\\\/author\\\/admin-bioetica\\\/\"}]}<\/script>\n<!-- \/ Yoast SEO plugin. -->","yoast_head_json":{"title":"Don Juan Carlos Siurana Aparisi - COMIT\u00c9 DE BIO\u00c9TICA DE ESPA\u00d1A","robots":{"index":"index","follow":"follow","max-snippet":"max-snippet:-1","max-image-preview":"max-image-preview:large","max-video-preview":"max-video-preview:-1"},"canonical":"https:\/\/comitedebioetica.isciii.es\/don-juan-carlos-siurana-aparisi\/","og_locale":"en_US","og_type":"article","og_title":"Don Juan Carlos Siurana Aparisi - COMIT\u00c9 DE BIO\u00c9TICA DE ESPA\u00d1A","og_description":"Doctor en Filosof\u00eda. Profesor Titular de Filosof\u00eda Moral en el Departamento de Filosof\u00eda de la Universitat de Val\u00e8ncia, donde coordina el Programa de Doctorado en \u00c9tica y Democracia y proyectos de investigaci\u00f3n en \u00e9ticas aplicadas. Director del Grupo de Investigaci\u00f3n en Bio\u00e9tica de la UV, Coordinador de la Red Iberoamericana de Grupos de Investigaci\u00f3n en [&hellip;]","og_url":"https:\/\/comitedebioetica.isciii.es\/don-juan-carlos-siurana-aparisi\/","og_site_name":"COMIT\u00c9 DE BIO\u00c9TICA DE ESPA\u00d1A","article_published_time":"2023-10-11T02:51:27+00:00","article_modified_time":"2024-11-15T12:14:04+00:00","og_image":[{"width":275,"height":275,"url":"https:\/\/comitedebioetica.isciii.es\/wp-content\/uploads\/2023\/10\/JCSiurana-la-anterior.jpg","type":"image\/jpeg"}],"author":"admin.bioetica","twitter_card":"summary_large_image","twitter_misc":{"Written by":"admin.bioetica","Est. reading time":"2 minutes"},"schema":{"@context":"https:\/\/schema.org","@graph":[{"@type":"Article","@id":"https:\/\/comitedebioetica.isciii.es\/don-juan-carlos-siurana-aparisi\/#article","isPartOf":{"@id":"https:\/\/comitedebioetica.isciii.es\/don-juan-carlos-siurana-aparisi\/"},"author":{"name":"admin.bioetica","@id":"https:\/\/comitedebioetica.isciii.es\/#\/schema\/person\/5d6ef056ec489c286588b38dfdd8ba9f"},"headline":"Don Juan Carlos Siurana Aparisi","datePublished":"2023-10-11T02:51:27+00:00","dateModified":"2024-11-15T12:14:04+00:00","mainEntityOfPage":{"@id":"https:\/\/comitedebioetica.isciii.es\/don-juan-carlos-siurana-aparisi\/"},"wordCount":213,"publisher":{"@id":"https:\/\/comitedebioetica.isciii.es\/#organization"},"image":{"@id":"https:\/\/comitedebioetica.isciii.es\/don-juan-carlos-siurana-aparisi\/#primaryimage"},"thumbnailUrl":"https:\/\/comitedebioetica.isciii.es\/wp-content\/uploads\/2023\/10\/JCSiurana-la-anterior.jpg","articleSection":["Composici\u00f3n"],"inLanguage":"en-US"},{"@type":"WebPage","@id":"https:\/\/comitedebioetica.isciii.es\/don-juan-carlos-siurana-aparisi\/","url":"https:\/\/comitedebioetica.isciii.es\/don-juan-carlos-siurana-aparisi\/","name":"Don Juan Carlos Siurana Aparisi - COMIT\u00c9 DE BIO\u00c9TICA DE ESPA\u00d1A","isPartOf":{"@id":"https:\/\/comitedebioetica.isciii.es\/#website"},"primaryImageOfPage":{"@id":"https:\/\/comitedebioetica.isciii.es\/don-juan-carlos-siurana-aparisi\/#primaryimage"},"image":{"@id":"https:\/\/comitedebioetica.isciii.es\/don-juan-carlos-siurana-aparisi\/#primaryimage"},"thumbnailUrl":"https:\/\/comitedebioetica.isciii.es\/wp-content\/uploads\/2023\/10\/JCSiurana-la-anterior.jpg","datePublished":"2023-10-11T02:51:27+00:00","dateModified":"2024-11-15T12:14:04+00:00","breadcrumb":{"@id":"https:\/\/comitedebioetica.isciii.es\/don-juan-carlos-siurana-aparisi\/#breadcrumb"},"inLanguage":"en-US","potentialAction":[{"@type":"ReadAction","target":["https:\/\/comitedebioetica.isciii.es\/don-juan-carlos-siurana-aparisi\/"]}]},{"@type":"ImageObject","inLanguage":"en-US","@id":"https:\/\/comitedebioetica.isciii.es\/don-juan-carlos-siurana-aparisi\/#primaryimage","url":"https:\/\/comitedebioetica.isciii.es\/wp-content\/uploads\/2023\/10\/JCSiurana-la-anterior.jpg","contentUrl":"https:\/\/comitedebioetica.isciii.es\/wp-content\/uploads\/2023\/10\/JCSiurana-la-anterior.jpg"},{"@type":"BreadcrumbList","@id":"https:\/\/comitedebioetica.isciii.es\/don-juan-carlos-siurana-aparisi\/#breadcrumb","itemListElement":[{"@type":"ListItem","position":1,"name":"Portada","item":"https:\/\/comitedebioetica.isciii.es\/"},{"@type":"ListItem","position":2,"name":"Don Juan Carlos Siurana Aparisi"}]},{"@type":"WebSite","@id":"https:\/\/comitedebioetica.isciii.es\/#website","url":"https:\/\/comitedebioetica.isciii.es\/","name":"COMIT\u00c9 DE BIO\u00c9TICA DE ESPA\u00d1A","description":"Web oficial del Comit\u00e9 de Bio\u00e9tica de Espa\u00f1a, documentos, legislaci\u00f3n y resoluciones, opiniones sobre temas actuales y relevantes","publisher":{"@id":"https:\/\/comitedebioetica.isciii.es\/#organization"},"potentialAction":[{"@type":"SearchAction","target":{"@type":"EntryPoint","urlTemplate":"https:\/\/comitedebioetica.isciii.es\/?s={search_term_string}"},"query-input":{"@type":"PropertyValueSpecification","valueRequired":true,"valueName":"search_term_string"}}],"inLanguage":"en-US"},{"@type":"Organization","@id":"https:\/\/comitedebioetica.isciii.es\/#organization","name":"COMIT\u00c9 DE BIO\u00c9TICA DE ESPA\u00d1A","url":"https:\/\/comitedebioetica.isciii.es\/","logo":{"@type":"ImageObject","inLanguage":"en-US","@id":"https:\/\/comitedebioetica.isciii.es\/#\/schema\/logo\/image\/","url":"https:\/\/comitedebioetica.isciii.es\/wp-content\/uploads\/2023\/10\/LOGO-COMITE-BIOETICA-ESPANA.png","contentUrl":"https:\/\/comitedebioetica.isciii.es\/wp-content\/uploads\/2023\/10\/LOGO-COMITE-BIOETICA-ESPANA.png","width":250,"height":127,"caption":"COMIT\u00c9 DE BIO\u00c9TICA DE ESPA\u00d1A"},"image":{"@id":"https:\/\/comitedebioetica.isciii.es\/#\/schema\/logo\/image\/"}},{"@type":"Person","@id":"https:\/\/comitedebioetica.isciii.es\/#\/schema\/person\/5d6ef056ec489c286588b38dfdd8ba9f","name":"admin.bioetica","image":{"@type":"ImageObject","inLanguage":"en-US","@id":"https:\/\/secure.gravatar.com\/avatar\/0d0d19fc26d1ce974ea5ca2f1b0d384290cf2a87401ce9ea6965be09a42386b0?s=96&d=mm&r=g","url":"https:\/\/secure.gravatar.com\/avatar\/0d0d19fc26d1ce974ea5ca2f1b0d384290cf2a87401ce9ea6965be09a42386b0?s=96&d=mm&r=g","contentUrl":"https:\/\/secure.gravatar.com\/avatar\/0d0d19fc26d1ce974ea5ca2f1b0d384290cf2a87401ce9ea6965be09a42386b0?s=96&d=mm&r=g","caption":"admin.bioetica"},"sameAs":["https:\/\/comitedebioetica.isciii.es"],"url":"https:\/\/comitedebioetica.isciii.es\/en\/author\/admin-bioetica\/"}]}},"_links":{"self":[{"href":"https:\/\/comitedebioetica.isciii.es\/en\/wp-json\/wp\/v2\/posts\/1669","targetHints":{"allow":["GET"]}}],"collection":[{"href":"https:\/\/comitedebioetica.isciii.es\/en\/wp-json\/wp\/v2\/posts"}],"about":[{"href":"https:\/\/comitedebioetica.isciii.es\/en\/wp-json\/wp\/v2\/types\/post"}],"author":[{"embeddable":true,"href":"https:\/\/comitedebioetica.isciii.es\/en\/wp-json\/wp\/v2\/users\/1"}],"replies":[{"embeddable":true,"href":"https:\/\/comitedebioetica.isciii.es\/en\/wp-json\/wp\/v2\/comments?post=1669"}],"version-history":[{"count":17,"href":"https:\/\/comitedebioetica.isciii.es\/en\/wp-json\/wp\/v2\/posts\/1669\/revisions"}],"predecessor-version":[{"id":2839,"href":"https:\/\/comitedebioetica.isciii.es\/en\/wp-json\/wp\/v2\/posts\/1669\/revisions\/2839"}],"wp:attachment":[{"href":"https:\/\/comitedebioetica.isciii.es\/en\/wp-json\/wp\/v2\/media?parent=1669"}],"wp:term":[{"taxonomy":"category","embeddable":true,"href":"https:\/\/comitedebioetica.isciii.es\/en\/wp-json\/wp\/v2\/categories?post=1669"},{"taxonomy":"post_tag","embeddable":true,"href":"https:\/\/comitedebioetica.isciii.es\/en\/wp-json\/wp\/v2\/tags?post=1669"}],"curies":[{"name":"wp","href":"https:\/\/api.w.org\/{rel}","templated":true}]}}